{"id":874817,"date":"2025-11-14T18:16:28","date_gmt":"2025-11-14T17:16:28","guid":{"rendered":"https:\/\/www.albinfo.ch\/?p=874817"},"modified":"2025-11-14T22:20:16","modified_gmt":"2025-11-14T21:20:16","slug":"chair-airlines-est-desormais-certifiee-pour-la-securite-et-devient-membre-de-liata","status":"publish","type":"post","link":"https:\/\/www.albinfo.at\/fr\/chair-airlines-est-desormais-certifiee-pour-la-securite-et-devient-membre-de-liata\/","title":{"rendered":"Chair Airlines est d\u00e9sormais certifi\u00e9e pour la s\u00e9curit\u00e9 et devient membre de l\u2019IATA"},"content":{"rendered":"<p data-start=\"36\" data-end=\"454\">Il est appris que la compagnie a\u00e9rienne Chair Airlines a r\u00e9alis\u00e9 deux succ\u00e8s importants.<br data-start=\"124\" data-end=\"127\" \/>Premi\u00e8rement, cette compagnie suisse est d\u00e9sormais officiellement certifi\u00e9e IOSA, ce qui signifie qu\u2019elle r\u00e9pond aux normes internationales les plus \u00e9lev\u00e9es en mati\u00e8re de s\u00e9curit\u00e9 a\u00e9rienne, et deuxi\u00e8mement, elle est devenue membre de l\u2019IATA, le r\u00e9seau mondial qui regroupe plus de 300 compagnies a\u00e9riennes, rapporte albinfo.ch.<\/p>\n<p data-start=\"456\" data-end=\"759\">Selon la compagnie, la certification IOSA confirme l\u2019engagement de Chair Airlines envers la s\u00e9curit\u00e9, la qualit\u00e9 et l\u2019am\u00e9lioration continue. Avec son entr\u00e9e dans l\u2019IATA, la compagnie acc\u00e8de aux standards internationaux, aux ressources de l\u2019industrie et \u00e0 un r\u00e9seau solide de coop\u00e9ration et d\u2019innovation.<\/p>\n<p data-start=\"761\" data-end=\"1110\">Chair Airlines a \u00e9t\u00e9 fond\u00e9e en 2019 et dessert principalement des destinations touristiques en Europe et en Afrique du Nord. Elle est particuli\u00e8rement connue pour ses lignes vers les Balkans, notamment Pristina, Skopje et Ohrid. L\u2019\u00e9t\u00e9 prochain, elle lancera \u00e9galement des vols vers Vlora, tandis qu\u2019en 2026 s\u2019ajoutera la destination Patras en Gr\u00e8ce.<\/p>\n<p data-start=\"1112\" data-end=\"1428\">Actuellement, la compagnie op\u00e8re avec quatre avions de type Airbus A319 et A320. L\u2019histoire de Chair Airlines est li\u00e9e \u00e0 Germania Flug, fond\u00e9e en 2014. Apr\u00e8s les difficult\u00e9s financi\u00e8res de la soci\u00e9t\u00e9 m\u00e8re allemande en 2019, Leyla Ibrahimi-Salahi, directrice de Air Prishtina, l\u2019a rachet\u00e9e et renomm\u00e9e Chair Airlines.<\/p>\n<p data-start=\"1430\" data-end=\"1511\">Il convient de noter que Chair assure \u00e9galement des vols r\u00e9guliers vers Pristina. \/Albinfo.ch<\/p>\n","protected":false},"excerpt":{"rendered":"<p>Chair Airlines atteint les normes de s\u00e9curit\u00e9 les plus \u00e9lev\u00e9es et devient membre de l\u2019IATA<\/p>\n","protected":false},"author":6,"featured_media":874636,"comment_status":"closed","ping_status":"closed","sticky":false,"template":"","format":"standard","meta":{"footnotes":""},"categories":[18826,24630,1170],"tags":[],"vendi":[],"content_country":[],"class_list":["post-874817","post","type-post","status-publish","format-standard","has-post-thumbnail","hentry","category-lajme-jeta-ne-zvicer-fr","category-nouvelles","category-vivre-en-suisse"],"acf":[],"_links":{"self":[{"href":"https:\/\/www.albinfo.at\/fr\/wp-json\/wp\/v2\/posts\/874817","targetHints":{"allow":["GET"]}}],"collection":[{"href":"https:\/\/www.albinfo.at\/fr\/wp-json\/wp\/v2\/posts"}],"about":[{"href":"https:\/\/www.albinfo.at\/fr\/wp-json\/wp\/v2\/types\/post"}],"author":[{"embeddable":true,"href":"https:\/\/www.albinfo.at\/fr\/wp-json\/wp\/v2\/users\/6"}],"replies":[{"embeddable":true,"href":"https:\/\/www.albinfo.at\/fr\/wp-json\/wp\/v2\/comments?post=874817"}],"version-history":[{"count":1,"href":"https:\/\/www.albinfo.at\/fr\/wp-json\/wp\/v2\/posts\/874817\/revisions"}],"predecessor-version":[{"id":874819,"href":"https:\/\/www.albinfo.at\/fr\/wp-json\/wp\/v2\/posts\/874817\/revisions\/874819"}],"wp:featuredmedia":[{"embeddable":true,"href":"https:\/\/www.albinfo.at\/fr\/wp-json\/wp\/v2\/media\/874636"}],"wp:attachment":[{"href":"https:\/\/www.albinfo.at\/fr\/wp-json\/wp\/v2\/media?parent=874817"}],"wp:term":[{"taxonomy":"category","embeddable":true,"href":"https:\/\/www.albinfo.at\/fr\/wp-json\/wp\/v2\/categories?post=874817"},{"taxonomy":"post_tag","embeddable":true,"href":"https:\/\/www.albinfo.at\/fr\/wp-json\/wp\/v2\/tags?post=874817"},{"taxonomy":"vendi","embeddable":true,"href":"https:\/\/www.albinfo.at\/fr\/wp-json\/wp\/v2\/vendi?post=874817"},{"taxonomy":"content_country","embeddable":true,"href":"https:\/\/www.albinfo.at\/fr\/wp-json\/wp\/v2\/content_country?post=874817"}],"curies":[{"name":"wp","href":"https:\/\/api.w.org\/{rel}","templated":true}]}}