{"id":874580,"date":"2025-11-13T22:15:48","date_gmt":"2025-11-13T21:15:48","guid":{"rendered":"https:\/\/www.albinfo.ch\/?p=874580"},"modified":"2025-11-14T00:19:02","modified_gmt":"2025-11-13T23:19:02","slug":"larbitre-albanaise-designee-par-luefa-pour-diriger-le-match-espagne-saint-marin-u21","status":"publish","type":"post","link":"https:\/\/www.albinfo.at\/fr\/larbitre-albanaise-designee-par-luefa-pour-diriger-le-match-espagne-saint-marin-u21\/","title":{"rendered":"L\u2019arbitre albanaise d\u00e9sign\u00e9e par l\u2019UEFA pour diriger le match Espagne &#8211; Saint-Marin U21"},"content":{"rendered":"<p data-start=\"0\" data-end=\"234\">L\u2019arbitre albanaise Emanuela Rusta a \u00e9t\u00e9 d\u00e9sign\u00e9e par l\u2019UEFA pour diriger le match Espagne U21 \u2013 Saint-Marin U21, comptant pour les qualifications du Championnat d\u2019Europe \u201cAlbanie \u2013 Serbie 2027\u201d, rapporte albinfo.ch.<\/p>\n<p data-start=\"236\" data-end=\"429\">C\u2019est la premi\u00e8re fois que l\u2019UEFA confie \u00e0 une arbitre albanaise la direction d\u2019un match masculin au niveau U21, un moment historique pour l\u2019arbitrage albanais et pour Emanuela Rusta elle-m\u00eame.<\/p>\n<p data-start=\"431\" data-end=\"679\">La rencontre aura lieu au stade \u201cAngel Carro\u201d en Espagne, le 14 novembre \u00e0 20h45, et l\u2019\u00e9quipe arbitrale sera enti\u00e8rement albanaise. Ilir Tartaraj et Xhulio Mani seront arbitres assistants, tandis que Andi Ko\u00e7i assumera le r\u00f4le de quatri\u00e8me arbitre.<\/p>\n<p data-start=\"681\" data-end=\"901\">Les arbitres albanais deviennent de plus en plus pr\u00e9sents dans les rencontres europ\u00e9ennes, et cette d\u00e9signation marque une nouvelle \u00e9tape importante dans l\u2019affirmation de l\u2019arbitrage albanais sur la sc\u00e8ne internationale.<\/p>\n","protected":false},"excerpt":{"rendered":"<p>L\u2019arbitre albanaise Emanuela Rusta a \u00e9t\u00e9 d\u00e9sign\u00e9e par l\u2019UEFA pour diriger le match Espagne U21 \u2013 Saint-Marin U21, comptant pour les qualifications du Championnat d\u2019Europe \u201cAlbanie \u2013 Serbie 2027\u201d, rapporte albinfo.ch. C\u2019est la premi\u00e8re fois que l\u2019UEFA confie \u00e0 une arbitre albanaise la direction d\u2019un match masculin au niveau U21, un moment historique pour l\u2019arbitrage [&hellip;]<\/p>\n","protected":false},"author":6,"featured_media":874383,"comment_status":"closed","ping_status":"closed","sticky":false,"template":"","format":"standard","meta":{"footnotes":""},"categories":[24630,24671,1169],"tags":[],"vendi":[],"content_country":[],"class_list":["post-874580","post","type-post","status-publish","format-standard","has-post-thumbnail","hentry","category-nouvelles","category-football","category-sport-fr"],"acf":[],"_links":{"self":[{"href":"https:\/\/www.albinfo.at\/fr\/wp-json\/wp\/v2\/posts\/874580","targetHints":{"allow":["GET"]}}],"collection":[{"href":"https:\/\/www.albinfo.at\/fr\/wp-json\/wp\/v2\/posts"}],"about":[{"href":"https:\/\/www.albinfo.at\/fr\/wp-json\/wp\/v2\/types\/post"}],"author":[{"embeddable":true,"href":"https:\/\/www.albinfo.at\/fr\/wp-json\/wp\/v2\/users\/6"}],"replies":[{"embeddable":true,"href":"https:\/\/www.albinfo.at\/fr\/wp-json\/wp\/v2\/comments?post=874580"}],"version-history":[{"count":1,"href":"https:\/\/www.albinfo.at\/fr\/wp-json\/wp\/v2\/posts\/874580\/revisions"}],"predecessor-version":[{"id":874582,"href":"https:\/\/www.albinfo.at\/fr\/wp-json\/wp\/v2\/posts\/874580\/revisions\/874582"}],"wp:featuredmedia":[{"embeddable":true,"href":"https:\/\/www.albinfo.at\/fr\/wp-json\/wp\/v2\/media\/874383"}],"wp:attachment":[{"href":"https:\/\/www.albinfo.at\/fr\/wp-json\/wp\/v2\/media?parent=874580"}],"wp:term":[{"taxonomy":"category","embeddable":true,"href":"https:\/\/www.albinfo.at\/fr\/wp-json\/wp\/v2\/categories?post=874580"},{"taxonomy":"post_tag","embeddable":true,"href":"https:\/\/www.albinfo.at\/fr\/wp-json\/wp\/v2\/tags?post=874580"},{"taxonomy":"vendi","embeddable":true,"href":"https:\/\/www.albinfo.at\/fr\/wp-json\/wp\/v2\/vendi?post=874580"},{"taxonomy":"content_country","embeddable":true,"href":"https:\/\/www.albinfo.at\/fr\/wp-json\/wp\/v2\/content_country?post=874580"}],"curies":[{"name":"wp","href":"https:\/\/api.w.org\/{rel}","templated":true}]}}