{"id":874242,"date":"2025-11-12T23:00:58","date_gmt":"2025-11-12T22:00:58","guid":{"rendered":"https:\/\/www.albinfo.ch\/?p=874242"},"modified":"2025-11-12T23:14:16","modified_gmt":"2025-11-12T22:14:16","slug":"granit-xhaka-parle-du-kosovo-de-sunderland-et-de-ses-ambitions-pour-la-coupe-du-monde-2026","status":"publish","type":"post","link":"https:\/\/www.albinfo.at\/fr\/granit-xhaka-parle-du-kosovo-de-sunderland-et-de-ses-ambitions-pour-la-coupe-du-monde-2026\/","title":{"rendered":"Granit Xhaka parle du Kosovo, de Sunderland et de ses ambitions pour la Coupe du Monde 2026"},"content":{"rendered":"<p data-start=\"0\" data-end=\"345\">Le capitaine de l\u2019\u00e9quipe nationale suisse, Granit Xhaka, a accord\u00e9 une longue interview au m\u00e9dia suisse Blick, dans laquelle il a \u00e9voqu\u00e9 son succ\u00e8s avec Sunderland, les d\u00e9veloppements au sein de la s\u00e9lection helv\u00e9tique, ainsi que les d\u00e9cisions de certains joueurs ayant choisi de repr\u00e9senter le Kosovo, rapporte albinfo.ch.<\/p>\n<p data-start=\"347\" data-end=\"562\">Xhaka a comment\u00e9 le choix de Leon Avdullahu et d\u2019Albian Hajdari de jouer pour le Kosovo, expliquant qu\u2019aucun des deux joueurs n\u2019avait, \u00e0 court terme, la perspective d\u2019obtenir une place de titulaire avec la Suisse.<\/p>\n<p data-start=\"564\" data-end=\"899\">&#8220;Des joueurs de cette qualit\u00e9, on n\u2019aime pas les voir partir. Mais de leur point de vue, il s\u2019agit d\u2019\u00e9valuer leur propre statut. Auraient-ils pu obtenir une place de titulaire avec la Suisse dans trois ou quatre ans? J\u2019en doute&#8221;, a d\u00e9clar\u00e9 Xhaka, rappelant qu\u2019Ardon Jashari n\u2019a disput\u00e9 que quatre matchs en trois ans avec la Suisse.<\/p>\n<p data-start=\"901\" data-end=\"1235\">Xhaka a \u00e9galement soulign\u00e9 qu\u2019Avdullahu n\u2019est pas encore au niveau de Jashari, tout en respectant leur d\u00e9cision de repr\u00e9senter le Kosovo. &#8220;C\u2019est un bon joueur, il fait de belles performances avec Hoffenheim. Peut-\u00eatre lui manquait-il un peu de patience avec la Suisse, mais il montre maintenant un niveau tr\u00e8s \u00e9lev\u00e9&#8221;, a-t-il ajout\u00e9.<\/p>\n<p data-start=\"1237\" data-end=\"1595\">Concernant les qualifications pour la Coupe du Monde 2026, la Suisse m\u00e8ne le groupe avec trois points d\u2019avance sur le Kosovo. Le dernier match direct entre les deux \u00e9quipes s\u2019est sold\u00e9 par une victoire 4 &#8211; 0 pour la Suisse. Xhaka s\u2019est dit pr\u00eat pour une \u00e9ventuelle &#8220;finale&#8221; \u00e0 Pristina, tout en gardant sa concentration sur le match de samedi contre la Su\u00e8de.<\/p>\n<p data-start=\"1597\" data-end=\"1759\">&#8220;Si nous faisons notre travail contre la Su\u00e8de, on n\u2019en arrivera pas l\u00e0. Et si cela finit par une finale \u00e0 Pristina, alors qu\u2019il en soit ainsi&#8221;, a-t-il d\u00e9clar\u00e9.<\/p>\n<p data-start=\"1761\" data-end=\"1984\">Xhaka a \u00e9galement \u00e9voqu\u00e9 l\u2019absence de son partenaire habituel au milieu de terrain, Remo Freuler, soulignant son importance et exprimant sa curiosit\u00e9 quant au choix que fera le s\u00e9lectionneur Murat Yakin pour le remplacer.<\/p>\n<p data-start=\"1986\" data-end=\"2174\">\u00c0 propos de Sunderland, Xhaka a d\u00e9crit son exp\u00e9rience comme le plus grand d\u00e9fi de sa carri\u00e8re. Il a salu\u00e9 les supporters, notamment ceux qui accompagnent l\u2019\u00e9quipe lors des d\u00e9placements:<\/p>\n<p data-start=\"2176\" data-end=\"2331\">\u201cLors du match \u00e0 Chelsea, on n\u2019entendait qu\u2019eux. Ce sont de vrais fans, pas des touristes. Qu\u2019ils soient 80 ou 5, ils savent pourquoi ils sont au stade.\u201d<\/p>\n<p data-start=\"2333\" data-end=\"2720\">Xhaka a confirm\u00e9 qu\u2019il est un leader incontest\u00e9 \u00e0 Sunderland comme en \u00e9quipe nationale suisse, et qu\u2019il est fier de son parcours et des comparaisons faites \u00e0 son \u00e9gard. Il a r\u00e9affirm\u00e9 son engagement pour la Coupe du Monde 2026 et exprim\u00e9 le souhait que ce tournoi soit l\u2019un de ses derniers \u00e0 ce niveau, tout en laissant planer le doute sur une \u00e9ventuelle participation au Mondial 2030.<\/p>\n<p data-start=\"2722\" data-end=\"2917\">&#8220;Moi, Freuler et Rodriguez avons atteint un \u00e2ge o\u00f9 le Mondial 2026 pourrait \u00eatre notre dernier. C\u2019est pourquoi je veux absolument d\u00e9crocher le billet pour cette Coupe du Monde,&#8221; a conclu Xhaka.\/Albinfo.ch.<\/p>\n","protected":false},"excerpt":{"rendered":"<p>Le milieu de terrain suisse Granit Xhaka, dans \u201cBlick\u201d, \u00e0 propos du d\u00e9part de Leon Avdullahu et d\u2019Albian Hajdari de l\u2019\u00e9quipe helv\u00e9tique<\/p>\n","protected":false},"author":6,"featured_media":858050,"comment_status":"closed","ping_status":"closed","sticky":false,"template":"","format":"standard","meta":{"footnotes":""},"categories":[24630,24671,1169],"tags":[],"vendi":[],"content_country":[],"class_list":["post-874242","post","type-post","status-publish","format-standard","has-post-thumbnail","hentry","category-nouvelles","category-football","category-sport-fr"],"acf":[],"_links":{"self":[{"href":"https:\/\/www.albinfo.at\/fr\/wp-json\/wp\/v2\/posts\/874242","targetHints":{"allow":["GET"]}}],"collection":[{"href":"https:\/\/www.albinfo.at\/fr\/wp-json\/wp\/v2\/posts"}],"about":[{"href":"https:\/\/www.albinfo.at\/fr\/wp-json\/wp\/v2\/types\/post"}],"author":[{"embeddable":true,"href":"https:\/\/www.albinfo.at\/fr\/wp-json\/wp\/v2\/users\/6"}],"replies":[{"embeddable":true,"href":"https:\/\/www.albinfo.at\/fr\/wp-json\/wp\/v2\/comments?post=874242"}],"version-history":[{"count":3,"href":"https:\/\/www.albinfo.at\/fr\/wp-json\/wp\/v2\/posts\/874242\/revisions"}],"predecessor-version":[{"id":874245,"href":"https:\/\/www.albinfo.at\/fr\/wp-json\/wp\/v2\/posts\/874242\/revisions\/874245"}],"wp:featuredmedia":[{"embeddable":true,"href":"https:\/\/www.albinfo.at\/fr\/wp-json\/wp\/v2\/media\/858050"}],"wp:attachment":[{"href":"https:\/\/www.albinfo.at\/fr\/wp-json\/wp\/v2\/media?parent=874242"}],"wp:term":[{"taxonomy":"category","embeddable":true,"href":"https:\/\/www.albinfo.at\/fr\/wp-json\/wp\/v2\/categories?post=874242"},{"taxonomy":"post_tag","embeddable":true,"href":"https:\/\/www.albinfo.at\/fr\/wp-json\/wp\/v2\/tags?post=874242"},{"taxonomy":"vendi","embeddable":true,"href":"https:\/\/www.albinfo.at\/fr\/wp-json\/wp\/v2\/vendi?post=874242"},{"taxonomy":"content_country","embeddable":true,"href":"https:\/\/www.albinfo.at\/fr\/wp-json\/wp\/v2\/content_country?post=874242"}],"curies":[{"name":"wp","href":"https:\/\/api.w.org\/{rel}","templated":true}]}}