{"id":871264,"date":"2025-10-30T20:27:52","date_gmt":"2025-10-30T19:27:52","guid":{"rendered":"https:\/\/www.albinfo.ch\/?p=871264"},"modified":"2025-10-30T20:28:09","modified_gmt":"2025-10-30T19:28:09","slug":"lexode-blanc-les-medecins-tournent-le-dos-au-kosovo","status":"publish","type":"post","link":"https:\/\/www.albinfo.at\/fr\/lexode-blanc-les-medecins-tournent-le-dos-au-kosovo\/","title":{"rendered":"L\u2019exode blanc : Les m\u00e9decins tournent le dos au Kosovo"},"content":{"rendered":"<p data-start=\"0\" data-end=\"367\">Au Kosovo, le d\u00e9part des citoyens vers l\u2019Europe est devenu depuis longtemps un ph\u00e9nom\u00e8ne massif. Mais lorsque cette tendance touche aussi ceux qui prennent soin de la sant\u00e9 de la population \u2013 m\u00e9decins, infirmiers et autres professionnels de la sant\u00e9\u00a0 le danger n\u2019est plus seulement social, mais aussi existentiel pour le syst\u00e8me de sant\u00e9 du pays.<\/p>\n<p data-start=\"369\" data-end=\"936\">Rien qu\u2019en 2023, selon les donn\u00e9es de l\u2019Ordre des m\u00e9decins du Kosovo, 167 m\u00e9decins ont obtenu le certificat \u00e9thique et professionnel en vue de travailler \u00e0 l\u2019\u00e9tranger. Durant le premier semestre de 2024, plus de 60 m\u00e9decins ont d\u00e9j\u00e0 quitt\u00e9 le pays, tandis que 111 nouvelles demandes ont \u00e9t\u00e9 enregistr\u00e9es jusqu\u2019en septembre. Ces chiffres ne repr\u00e9sentent que la partie visible de l\u2019iceberg, car derri\u00e8re eux se cachent des dizaines d\u2019infirmiers et de techniciens qui, chaque ann\u00e9e, cherchent la voie vers l\u2019Allemagne, la Suisse ou d\u2019autres pays de l\u2019Union europ\u00e9enne.<\/p>\n<p data-start=\"938\" data-end=\"1090\">En pratique, les donn\u00e9es montrent une r\u00e9alit\u00e9 encore plus inqui\u00e9tante : chaque mois, le Kosovo perd certains de ses professionnels les plus qualifi\u00e9s.<\/p>\n<p data-start=\"1092\" data-end=\"1119\"><strong data-start=\"1092\" data-end=\"1117\">Les raisons du d\u00e9part<\/strong><\/p>\n<p data-start=\"1121\" data-end=\"1589\">Les raisons de l\u2019exode des blouses blanches sont multiples, mais principalement li\u00e9es \u00e0 des questions financi\u00e8res et aux conditions de travail. Le salaire d\u2019un m\u00e9decin sp\u00e9cialiste en Allemagne est plusieurs fois sup\u00e9rieur \u00e0 celui d\u2019un coll\u00e8gue au Kosovo. En moyenne, un m\u00e9decin en Allemagne gagne plus de 6 000 euros par mois, alors qu\u2019un sp\u00e9cialiste au Kosovo touche environ 1 200 euros, illustrant une diff\u00e9rence consid\u00e9rable dans la valorisation de la profession.<\/p>\n<p data-start=\"1591\" data-end=\"1943\">Les conditions de travail constituent une autre raison : manque d\u2019\u00e9quipement, salles d\u2019op\u00e9ration peu modernes et absence fr\u00e9quente de personnel de soutien. Dans les principaux h\u00f4pitaux du pays, notamment au Centre hospitalier universitaire du Kosovo, une infirmi\u00e8re s\u2019occupe de 16 \u00e0 20 patients par jour, un chiffre largement au-dessus de la normale.<\/p>\n<p data-start=\"1945\" data-end=\"2331\">Une autre cause du d\u00e9part\u00a0 qualifi\u00e9e d\u2019&#8221; exode blanc &#8221; est le manque de perspectives. Les sp\u00e9cialisations sont souvent attribu\u00e9es selon les besoins fix\u00e9s par l\u2019\u00c9tat, et non selon les aspirations des jeunes m\u00e9decins. Le manque d\u2019opportunit\u00e9s pour des sp\u00e9cialisations avanc\u00e9es, la recherche scientifique ou le d\u00e9veloppement professionnel pousse de nombreux praticiens \u00e0 l\u2019\u00e9migration.<\/p>\n<p data-start=\"2333\" data-end=\"2411\"><strong data-start=\"2333\" data-end=\"2409\">Le Kosovo risque de perdre la colonne vert\u00e9brale de son syst\u00e8me de sant\u00e9<\/strong><\/p>\n<p data-start=\"2413\" data-end=\"2654\">Si la fuite des m\u00e9decins ne s\u2019arr\u00eate pas, le Kosovo risque de se retrouver sans la colonne vert\u00e9brale de son syst\u00e8me de sant\u00e9. D\u00e9j\u00e0 fragile, le syst\u00e8me hospitalier pourrait s\u2019effondrer, laissant des milliers de patients sans soins de base.<\/p>\n<p data-start=\"2656\" data-end=\"3199\">Depuis le mois dernier, l\u2019H\u00f4pital des maladies pulmonaires de Peja\u00a0 le seul \u00e9tablissement du pays traitant la tuberculose et d\u2019autres maladies respiratoires\u00a0 fait face \u00e0 un manque de pneumologues. Bien que le &#8221; service ne soit pas officiellement ferm\u00e9 &#8220;, la direction de l\u2019H\u00f4pital g\u00e9n\u00e9ral de Peja affirme que le service de pneumologie continue de fonctionner. En cas de manque de m\u00e9decins, les patients sont pris en charge par des internistes, tandis que les cas plus graves sont transf\u00e9r\u00e9s \u00e0 la Clinique de pneumologie du CHU de Pristina.<\/p>\n<p data-start=\"3201\" data-end=\"3363\"><strong data-start=\"3201\" data-end=\"3361\">&#8221; La migration ronge les fondements de la soci\u00e9t\u00e9 kosovare : ce ne sont pas seulement les m\u00e9decins, mais les travailleurs de tous les secteurs qui partent &#8220;<\/strong><\/p>\n<p data-start=\"3365\" data-end=\"3841\">Eurostat rapporte que, durant les cinq derni\u00e8res ann\u00e9es, plus de 200 000 citoyens du Kosovo ont demand\u00e9 asile dans les pays de l\u2019Union europ\u00e9enne, soit plus de 12 % de la population totale. Pour 2024, environ 39 000 Kosovars ont sollicit\u00e9 un permis de s\u00e9jour en Europe, pr\u00e8s de la moiti\u00e9 d\u2019entre eux en Allemagne. Ces chiffres refl\u00e8tent une tendance migratoire persistante, motiv\u00e9e par des raisons \u00e9conomiques, \u00e9ducatives et par la recherche de meilleures conditions de vie.<\/p>\n<p data-start=\"3843\" data-end=\"4022\">Si le d\u00e9part des professionnels de la sant\u00e9 est largement document\u00e9, les donn\u00e9es montrent que de nombreux travailleurs d\u2019autres secteurs envisagent \u00e9galement de quitter le pays.<\/p>\n<p data-start=\"4024\" data-end=\"4253\"><strong data-start=\"4024\" data-end=\"4056\">Les travailleurs du b\u00e2timent<\/strong> : le secteur de la construction figure parmi ceux pr\u00e9sentant le taux d\u2019\u00e9migration le plus \u00e9lev\u00e9. Selon un rapport de l\u2019Institut GAP, environ 18,7 % des personnes de ce secteur souhaitent partir.<\/p>\n<p data-start=\"4255\" data-end=\"4432\"><strong data-start=\"4255\" data-end=\"4294\">H\u00f4tellerie, gastronomie et services<\/strong> : ces secteurs affichent \u00e9galement une forte propension \u00e0 l\u2019\u00e9migration, avec environ 18,7 % des travailleurs exprimant le m\u00eame souhait.<\/p>\n<p data-start=\"4434\" data-end=\"4705\"><strong data-start=\"4434\" data-end=\"4460\">Commerce et production<\/strong> : ces deux branches sont \u00e9galement touch\u00e9es, principalement en raison des bas salaires, de l\u2019absence d\u2019assurances et des conditions de travail pr\u00e9caires. Le taux de d\u00e9sir de d\u00e9part atteint 18,1 % dans le commerce et 12,9 % dans la production.<\/p>\n<p data-start=\"4707\" data-end=\"4886\">D\u2019autres professionnels technico-administratifs, disposant de comp\u00e9tences sp\u00e9cialis\u00e9es, quittent eux aussi le pays, faute de perspectives d\u2019\u00e9volution et de stabilit\u00e9 \u00e9conomique.<\/p>\n<p data-start=\"4888\" data-end=\"4920\"><strong data-start=\"4888\" data-end=\"4918\">Pas de donn\u00e9es officielles<\/strong><\/p>\n<p data-start=\"4922\" data-end=\"5283\">Le minist\u00e8re de la Sant\u00e9 ne dispose pas de donn\u00e9es concr\u00e8tes sur la fuite des m\u00e9decins, pas plus que les autres institutions n\u2019en ont sur la &#8221; fuite des cerveaux &#8220;. Les cons\u00e9quences de ce ph\u00e9nom\u00e8ne vont de la perte de main-d\u2019\u0153uvre qualifi\u00e9e et la diminution de la population, jusqu\u2019\u00e0 un d\u00e9ficit g\u00e9n\u00e9ralis\u00e9 de personnel dans tous les domaines. \u00e9crit albinfo.ch<\/p>\n","protected":false},"excerpt":{"rendered":"<p>Les raisons du d\u00e9part des blouses blanches sont nombreuses, mais elles sont principalement li\u00e9es aux questions financi\u00e8res, ainsi qu\u2019aux conditions de travail<\/p>\n","protected":false},"author":6,"featured_media":871136,"comment_status":"closed","ping_status":"closed","sticky":false,"template":"","format":"standard","meta":{"footnotes":""},"categories":[34927,24637,3949,24630,24672,1159,1163,1186,1411,2014],"tags":[],"vendi":[],"content_country":[31835,31838,31840],"class_list":["post-871264","post","type-post","status-publish","format-standard","has-post-thumbnail","hentry","category-kosova-4","category-nouvelles-fr-4","category-kosova-fr","category-nouvelles","category-sante-fr-2","category-ch-balkans","category-fr-e-diaspora","category-couverture-de-terrain","category-newsletter-fr","category-newsletter-media-fr","content_country-austria-fr","content_country-germany-fr","content_country-zvicer-fr"],"acf":[],"_links":{"self":[{"href":"https:\/\/www.albinfo.at\/fr\/wp-json\/wp\/v2\/posts\/871264","targetHints":{"allow":["GET"]}}],"collection":[{"href":"https:\/\/www.albinfo.at\/fr\/wp-json\/wp\/v2\/posts"}],"about":[{"href":"https:\/\/www.albinfo.at\/fr\/wp-json\/wp\/v2\/types\/post"}],"author":[{"embeddable":true,"href":"https:\/\/www.albinfo.at\/fr\/wp-json\/wp\/v2\/users\/6"}],"replies":[{"embeddable":true,"href":"https:\/\/www.albinfo.at\/fr\/wp-json\/wp\/v2\/comments?post=871264"}],"version-history":[{"count":1,"href":"https:\/\/www.albinfo.at\/fr\/wp-json\/wp\/v2\/posts\/871264\/revisions"}],"predecessor-version":[{"id":871270,"href":"https:\/\/www.albinfo.at\/fr\/wp-json\/wp\/v2\/posts\/871264\/revisions\/871270"}],"wp:featuredmedia":[{"embeddable":true,"href":"https:\/\/www.albinfo.at\/fr\/wp-json\/wp\/v2\/media\/871136"}],"wp:attachment":[{"href":"https:\/\/www.albinfo.at\/fr\/wp-json\/wp\/v2\/media?parent=871264"}],"wp:term":[{"taxonomy":"category","embeddable":true,"href":"https:\/\/www.albinfo.at\/fr\/wp-json\/wp\/v2\/categories?post=871264"},{"taxonomy":"post_tag","embeddable":true,"href":"https:\/\/www.albinfo.at\/fr\/wp-json\/wp\/v2\/tags?post=871264"},{"taxonomy":"vendi","embeddable":true,"href":"https:\/\/www.albinfo.at\/fr\/wp-json\/wp\/v2\/vendi?post=871264"},{"taxonomy":"content_country","embeddable":true,"href":"https:\/\/www.albinfo.at\/fr\/wp-json\/wp\/v2\/content_country?post=871264"}],"curies":[{"name":"wp","href":"https:\/\/api.w.org\/{rel}","templated":true}]}}