{"id":870664,"date":"2025-10-28T21:02:29","date_gmt":"2025-10-28T20:02:29","guid":{"rendered":"https:\/\/www.albinfo.ch\/?p=870664"},"modified":"2025-10-28T21:02:42","modified_gmt":"2025-10-28T20:02:42","slug":"logement-et-soins-pour-personnes-agees-a-zurich-seances-dinformation-en-albana","status":"publish","type":"post","link":"https:\/\/www.albinfo.at\/fr\/logement-et-soins-pour-personnes-agees-a-zurich-seances-dinformation-en-albana\/","title":{"rendered":"Logement et soins pour personnes \u00e2g\u00e9es \u00e0 Zurich &#8211; s\u00e9ances d\u2019information en albana"},"content":{"rendered":"<p data-start=\"0\" data-end=\"347\">Le Consulat de la R\u00e9publique du Kosovo \u00e0 Zurich, en collaboration avec la Ville de Zurich &#8211; Bureau pour les personnes \u00e2g\u00e9es (Fachstelle Z\u00fcrich im Alter), invite tous les int\u00e9ress\u00e9s \u00e0 deux s\u00e9ances d\u2019information en langue albanaise sur les services et les possibilit\u00e9s de soutien pour les personnes \u00e2g\u00e9es dans la ville de Zurich.<\/p>\n<p data-start=\"349\" data-end=\"545\">Ces s\u00e9ances ont pour objectif d\u2019informer nos compatriotes sur leurs droits, les subventions et les options de logement avec assistance, tout en garantissant un acc\u00e8s \u00e9gal aux services communaux.<\/p>\n<p data-start=\"547\" data-end=\"570\"><strong data-start=\"547\" data-end=\"568\">Th\u00e8mes et dates :<\/strong><\/p>\n<p data-start=\"572\" data-end=\"780\"><strong data-start=\"572\" data-end=\"635\">Vendredi 31 octobre 2025 &#8211; Financement des soins \u00e0 domicile<\/strong><br data-start=\"635\" data-end=\"638\" \/>Informations sur les subventions et aides financi\u00e8res pour les retrait\u00e9s ayant droit \u00e0 des prestations compl\u00e9mentaires (AVS avec Zusch\u00fcsse).<\/p>\n<p data-start=\"782\" data-end=\"1021\"><strong data-start=\"782\" data-end=\"889\">Vendredi 21 novembre 2025 &#8211; Inscription pour les logements communaux destin\u00e9s aux personnes \u00e2g\u00e9es (SAW)<\/strong><br data-start=\"889\" data-end=\"892\" \/>Pr\u00e9sentation du nouveau syst\u00e8me de candidature et d\u2019annonce publique pour les logements communaux r\u00e9serv\u00e9s aux personnes \u00e2g\u00e9es.<\/p>\n<p data-start=\"1023\" data-end=\"1082\"><strong data-start=\"1023\" data-end=\"1033\">Lieu :<\/strong><br data-start=\"1033\" data-end=\"1036\" \/>Consulat de la R\u00e9publique du Kosovo \u00e0 Zurich<\/p>\n<p data-start=\"1084\" data-end=\"1138\"><strong data-start=\"1084\" data-end=\"1097\">Adresse :<\/strong><br data-start=\"1097\" data-end=\"1100\" \/>Eugen Huber-Strasse 19a, 8048 Zurich<\/p>\n<p data-start=\"1140\" data-end=\"1229\"><strong data-start=\"1140\" data-end=\"1153\">Horaire :<\/strong><br data-start=\"1153\" data-end=\"1156\" \/>Ouverture des portes : 15h00<br data-start=\"1184\" data-end=\"1187\" \/>D\u00e9but de la s\u00e9ance : 15h10<br data-start=\"1213\" data-end=\"1216\" \/>Fin : 16h15<\/p>\n<p data-start=\"1231\" data-end=\"1497\"><strong data-start=\"1231\" data-end=\"1265\">Informations suppl\u00e9mentaires :<\/strong><br data-start=\"1265\" data-end=\"1268\" \/>La participation est gratuite et ne n\u00e9cessite pas d\u2019inscription pr\u00e9alable.<br data-start=\"1342\" data-end=\"1345\" \/>Langue de la pr\u00e9sentation : albanais<br data-start=\"1381\" data-end=\"1384\" \/>Apr\u00e8s la pr\u00e9sentation, il sera possible de poser des questions et de b\u00e9n\u00e9ficier de consultations individuelles.<\/p>\n<p data-start=\"1499\" data-end=\"1638\">Cette activit\u00e9 est organis\u00e9e en coop\u00e9ration entre le Consulat de la R\u00e9publique du Kosovo \u00e0 Zurich et les autorit\u00e9s de la Ville de Zurich.<\/p>\n<figure id=\"attachment_870500\" aria-describedby=\"caption-attachment-870500\" style=\"width: 640px\" class=\"wp-caption alignnone\"><a href=\"https:\/\/www.albinfo.ch\/wp-content\/uploads\/2025\/10\/banimi-ne-pleqeri-ne-zvicer.jpg\"><img loading=\"lazy\" decoding=\"async\" class=\"wp-image-870500 size-large\" src=\"https:\/\/www.albinfo.ch\/wp-content\/uploads\/2025\/10\/banimi-ne-pleqeri-ne-zvicer-768x1024.jpg\" alt=\"\" width=\"640\" height=\"853\" srcset=\"https:\/\/www.albinfo.at\/wp-content\/uploads\/2025\/10\/banimi-ne-pleqeri-ne-zvicer-768x1024.jpg 768w, https:\/\/www.albinfo.at\/wp-content\/uploads\/2025\/10\/banimi-ne-pleqeri-ne-zvicer-225x300.jpg 225w, https:\/\/www.albinfo.at\/wp-content\/uploads\/2025\/10\/banimi-ne-pleqeri-ne-zvicer-1152x1536.jpg 1152w, https:\/\/www.albinfo.at\/wp-content\/uploads\/2025\/10\/banimi-ne-pleqeri-ne-zvicer-297x396.jpg 297w, https:\/\/www.albinfo.at\/wp-content\/uploads\/2025\/10\/banimi-ne-pleqeri-ne-zvicer-75x100.jpg 75w, https:\/\/www.albinfo.at\/wp-content\/uploads\/2025\/10\/banimi-ne-pleqeri-ne-zvicer-131x175.jpg 131w, https:\/\/www.albinfo.at\/wp-content\/uploads\/2025\/10\/banimi-ne-pleqeri-ne-zvicer.jpg 1155w\" sizes=\"auto, (max-width: 640px) 100vw, 640px\" \/><\/a><figcaption id=\"caption-attachment-870500\" class=\"wp-caption-text\">albinfo.ch<\/figcaption><\/figure>\n<figure id=\"attachment_870503\" aria-describedby=\"caption-attachment-870503\" style=\"width: 640px\" class=\"wp-caption alignnone\"><a href=\"https:\/\/www.albinfo.ch\/wp-content\/uploads\/2025\/10\/banimi-ne-pleqeri-4.jpg\"><img loading=\"lazy\" decoding=\"async\" class=\"size-large wp-image-870503\" src=\"https:\/\/www.albinfo.ch\/wp-content\/uploads\/2025\/10\/banimi-ne-pleqeri-4-768x1024.jpg\" alt=\"\" width=\"640\" height=\"853\" srcset=\"https:\/\/www.albinfo.at\/wp-content\/uploads\/2025\/10\/banimi-ne-pleqeri-4-768x1024.jpg 768w, https:\/\/www.albinfo.at\/wp-content\/uploads\/2025\/10\/banimi-ne-pleqeri-4-225x300.jpg 225w, https:\/\/www.albinfo.at\/wp-content\/uploads\/2025\/10\/banimi-ne-pleqeri-4-1152x1536.jpg 1152w, https:\/\/www.albinfo.at\/wp-content\/uploads\/2025\/10\/banimi-ne-pleqeri-4-297x396.jpg 297w, https:\/\/www.albinfo.at\/wp-content\/uploads\/2025\/10\/banimi-ne-pleqeri-4-75x100.jpg 75w, https:\/\/www.albinfo.at\/wp-content\/uploads\/2025\/10\/banimi-ne-pleqeri-4-131x175.jpg 131w, https:\/\/www.albinfo.at\/wp-content\/uploads\/2025\/10\/banimi-ne-pleqeri-4.jpg 1160w\" sizes=\"auto, (max-width: 640px) 100vw, 640px\" \/><\/a><figcaption id=\"caption-attachment-870503\" class=\"wp-caption-text\">albinfo.ch<\/figcaption><\/figure>\n<figure id=\"attachment_870506\" aria-describedby=\"caption-attachment-870506\" style=\"width: 640px\" class=\"wp-caption alignnone\"><a href=\"https:\/\/www.albinfo.ch\/wp-content\/uploads\/2025\/10\/banimi-ne-pleqeri-3.jpg\"><img loading=\"lazy\" decoding=\"async\" class=\"size-large wp-image-870506\" src=\"https:\/\/www.albinfo.ch\/wp-content\/uploads\/2025\/10\/banimi-ne-pleqeri-3-768x1024.jpg\" alt=\"\" width=\"640\" height=\"853\" srcset=\"https:\/\/www.albinfo.at\/wp-content\/uploads\/2025\/10\/banimi-ne-pleqeri-3-768x1024.jpg 768w, https:\/\/www.albinfo.at\/wp-content\/uploads\/2025\/10\/banimi-ne-pleqeri-3-225x300.jpg 225w, https:\/\/www.albinfo.at\/wp-content\/uploads\/2025\/10\/banimi-ne-pleqeri-3-297x396.jpg 297w, https:\/\/www.albinfo.at\/wp-content\/uploads\/2025\/10\/banimi-ne-pleqeri-3-75x100.jpg 75w, https:\/\/www.albinfo.at\/wp-content\/uploads\/2025\/10\/banimi-ne-pleqeri-3-131x175.jpg 131w, https:\/\/www.albinfo.at\/wp-content\/uploads\/2025\/10\/banimi-ne-pleqeri-3.jpg 1125w\" sizes=\"auto, (max-width: 640px) 100vw, 640px\" \/><\/a><figcaption id=\"caption-attachment-870506\" class=\"wp-caption-text\">albinfo.ch<\/figcaption><\/figure>\n<p>&nbsp;<\/p>\n<p>&nbsp;<\/p>\n","protected":false},"excerpt":{"rendered":"<p>Le Consulat de la R\u00e9publique du Kosovo \u00e0 Zurich, en collaboration avec la Ville de Zurich &#8211; Bureau pour les personnes \u00e2g\u00e9es (Fachstelle Z\u00fcrich im Alter), invite tous les int\u00e9ress\u00e9s \u00e0 deux s\u00e9ances d\u2019information en langue albanaise sur les services et les possibilit\u00e9s de soutien pour les personnes \u00e2g\u00e9es dans la ville de Zurich. Ces [&hellip;]<\/p>\n","protected":false},"author":6,"featured_media":813039,"comment_status":"closed","ping_status":"closed","sticky":false,"template":"","format":"standard","meta":{"footnotes":""},"categories":[1176,1164,24634,1163],"tags":[],"vendi":[],"content_country":[],"class_list":["post-870664","post","type-post","status-publish","format-standard","has-post-thumbnail","hentry","category-sante","category-integration-fr","category-nouvelles-fr-3","category-fr-e-diaspora"],"acf":[],"_links":{"self":[{"href":"https:\/\/www.albinfo.at\/fr\/wp-json\/wp\/v2\/posts\/870664","targetHints":{"allow":["GET"]}}],"collection":[{"href":"https:\/\/www.albinfo.at\/fr\/wp-json\/wp\/v2\/posts"}],"about":[{"href":"https:\/\/www.albinfo.at\/fr\/wp-json\/wp\/v2\/types\/post"}],"author":[{"embeddable":true,"href":"https:\/\/www.albinfo.at\/fr\/wp-json\/wp\/v2\/users\/6"}],"replies":[{"embeddable":true,"href":"https:\/\/www.albinfo.at\/fr\/wp-json\/wp\/v2\/comments?post=870664"}],"version-history":[{"count":1,"href":"https:\/\/www.albinfo.at\/fr\/wp-json\/wp\/v2\/posts\/870664\/revisions"}],"predecessor-version":[{"id":870666,"href":"https:\/\/www.albinfo.at\/fr\/wp-json\/wp\/v2\/posts\/870664\/revisions\/870666"}],"wp:featuredmedia":[{"embeddable":true,"href":"https:\/\/www.albinfo.at\/fr\/wp-json\/wp\/v2\/media\/813039"}],"wp:attachment":[{"href":"https:\/\/www.albinfo.at\/fr\/wp-json\/wp\/v2\/media?parent=870664"}],"wp:term":[{"taxonomy":"category","embeddable":true,"href":"https:\/\/www.albinfo.at\/fr\/wp-json\/wp\/v2\/categories?post=870664"},{"taxonomy":"post_tag","embeddable":true,"href":"https:\/\/www.albinfo.at\/fr\/wp-json\/wp\/v2\/tags?post=870664"},{"taxonomy":"vendi","embeddable":true,"href":"https:\/\/www.albinfo.at\/fr\/wp-json\/wp\/v2\/vendi?post=870664"},{"taxonomy":"content_country","embeddable":true,"href":"https:\/\/www.albinfo.at\/fr\/wp-json\/wp\/v2\/content_country?post=870664"}],"curies":[{"name":"wp","href":"https:\/\/api.w.org\/{rel}","templated":true}]}}