{"id":870237,"date":"2025-10-26T17:54:28","date_gmt":"2025-10-26T16:54:28","guid":{"rendered":"https:\/\/www.albinfo.ch\/?p=870237"},"modified":"2025-10-26T18:03:41","modified_gmt":"2025-10-26T17:03:41","slug":"florim-cuculi-parle-des-maladies-cardiovasculaires-chez-les-femmes-au-forbes-womens-summit-2025","status":"publish","type":"post","link":"https:\/\/www.albinfo.at\/fr\/florim-cuculi-parle-des-maladies-cardiovasculaires-chez-les-femmes-au-forbes-womens-summit-2025\/","title":{"rendered":"Florim Cuculi parle des maladies cardiovasculaires chez les femmes au Forbes Women\u2019s Summit 2025."},"content":{"rendered":"<p data-start=\"0\" data-end=\"304\">Dans le cadre du Forbes Women\u2019s Summit 2025, le professeur Florim Cuculi, chef du D\u00e9partement de cardiologie \u00e0 l\u2019H\u00f4pital cantonal de Lucerne, a prononc\u00e9 un discours sur les maladies cardiovasculaires chez les femmes et sur la mani\u00e8re dont elles diff\u00e8rent de celles des hommes.<\/p>\n<p data-start=\"306\" data-end=\"608\">Cuculi a soulign\u00e9 que les femmes pr\u00e9sentent souvent des sympt\u00f4mes atypiques, qui sont dans de nombreux cas n\u00e9glig\u00e9s ou mal interpr\u00e9t\u00e9s. Il a not\u00e9 que les diff\u00e9rences dans la formation m\u00e9dicale et dans la structure art\u00e9rielle peuvent conduire \u00e0 des diagnostics inexacts et \u00e0 des traitements inadapt\u00e9s.<\/p>\n<p><a href=\"https:\/\/www.albinfo.ch\/wp-content\/uploads\/2025\/10\/forbes-2.jpg\"><img loading=\"lazy\" decoding=\"async\" class=\"alignnone wp-image-870155\" src=\"https:\/\/www.albinfo.ch\/wp-content\/uploads\/2025\/10\/forbes-2-1024x565.jpg\" alt=\"\" width=\"544\" height=\"300\" srcset=\"https:\/\/www.albinfo.at\/wp-content\/uploads\/2025\/10\/forbes-2-1024x565.jpg 1024w, https:\/\/www.albinfo.at\/wp-content\/uploads\/2025\/10\/forbes-2-300x166.jpg 300w, https:\/\/www.albinfo.at\/wp-content\/uploads\/2025\/10\/forbes-2-768x424.jpg 768w, https:\/\/www.albinfo.at\/wp-content\/uploads\/2025\/10\/forbes-2-182x101.jpg 182w, https:\/\/www.albinfo.at\/wp-content\/uploads\/2025\/10\/forbes-2-587x324.jpg 587w, https:\/\/www.albinfo.at\/wp-content\/uploads\/2025\/10\/forbes-2-180x100.jpg 180w, https:\/\/www.albinfo.at\/wp-content\/uploads\/2025\/10\/forbes-2-265x146.jpg 265w, https:\/\/www.albinfo.at\/wp-content\/uploads\/2025\/10\/forbes-2.jpg 1042w\" sizes=\"auto, (max-width: 544px) 100vw, 544px\" \/><\/a><\/p>\n<p data-start=\"0\" data-end=\"210\">Selon lui, l\u2019intelligence artificielle et l\u2019analyse des m\u00e9gadonn\u00e9es (big data) peuvent aider \u00e0 mieux comprendre les diff\u00e9rences entre les sexes et \u00e0 am\u00e9liorer les soins aux patients.<\/p>\n<p data-start=\"212\" data-end=\"402\">\u00ab La sant\u00e9 est notre richesse la plus pr\u00e9cieuse. Les sympt\u00f4mes ne doivent jamais \u00eatre ignor\u00e9s, car ils peuvent avoir des cons\u00e9quences graves pour la vie \u00bb, tel \u00e9tait son principal message.<\/p>\n<p data-start=\"404\" data-end=\"599\">L\u2019\u00e9quipe de Forbes Switzerland a remerci\u00e9 tous les participants du sommet, en soulignant que la diversit\u00e9 dans le monde des affaires reste un th\u00e8me central, m\u00eame face aux d\u00e9fis de notre \u00e9poque.<\/p>\n<p data-start=\"601\" data-end=\"773\">L\u2019\u00e9v\u00e9nement a \u00e9t\u00e9 rendu possible gr\u00e2ce aux partenaires: L\u2019Or\u00e9al, Lamborghini, Merz Aesthetics, smzh ag, EY, The Boardroom, Wenger Plattner, Tamedia et Park Hyatt Zurich.<\/p>\n<p><iframe loading=\"lazy\" title=\"YouTube video player\" src=\"https:\/\/www.youtube.com\/embed\/UfUzPMKFiUM?si=kxFJBkPzWJdwXDNM&amp;start=277\" width=\"560\" height=\"315\" frameborder=\"0\" allowfullscreen=\"allowfullscreen\" data-mce-fragment=\"1\"><\/iframe><\/p>\n<p data-start=\"0\" data-end=\"50\">Vid\u00e9o de SAMOTION GmbH<\/p>\n<p data-start=\"52\" data-end=\"90\">Plus d\u2019informations sur l\u2019\u00e9v\u00e9nement: <a href=\"https:\/\/www.forbes.swiss\">www.forbes.swiss<\/a><\/p>\n","protected":false},"excerpt":{"rendered":"<p>Dans le cadre du Forbes Women\u2019s Summit 2025, le professeur Florim Cuculi, chef du D\u00e9partement de cardiologie \u00e0 l\u2019H\u00f4pital cantonal de Lucerne, a prononc\u00e9 un discours sur les maladies cardiovasculaires chez les femmes et sur la mani\u00e8re dont elles diff\u00e8rent de celles des hommes. Cuculi a soulign\u00e9 que les femmes pr\u00e9sentent souvent des sympt\u00f4mes atypiques, [&hellip;]<\/p>\n","protected":false},"author":6,"featured_media":870153,"comment_status":"closed","ping_status":"closed","sticky":false,"template":"","format":"standard","meta":{"footnotes":""},"categories":[34498,1164,24694,1165,3617,24655,24672,1163,1179,1186,1411,2014],"tags":[],"vendi":[],"content_country":[],"class_list":["post-870237","post","type-post","status-publish","format-standard","has-post-thumbnail","hentry","category-evente-fr","category-integration-fr","category-albinfo-plus-fr","category-femmes","category-sante-fr","category-medecins-albanais-en-suisse","category-sante-fr-2","category-fr-e-diaspora","category-albinfo-tv-fr","category-couverture-de-terrain","category-newsletter-fr","category-newsletter-media-fr"],"acf":[],"_links":{"self":[{"href":"https:\/\/www.albinfo.at\/fr\/wp-json\/wp\/v2\/posts\/870237","targetHints":{"allow":["GET"]}}],"collection":[{"href":"https:\/\/www.albinfo.at\/fr\/wp-json\/wp\/v2\/posts"}],"about":[{"href":"https:\/\/www.albinfo.at\/fr\/wp-json\/wp\/v2\/types\/post"}],"author":[{"embeddable":true,"href":"https:\/\/www.albinfo.at\/fr\/wp-json\/wp\/v2\/users\/6"}],"replies":[{"embeddable":true,"href":"https:\/\/www.albinfo.at\/fr\/wp-json\/wp\/v2\/comments?post=870237"}],"version-history":[{"count":1,"href":"https:\/\/www.albinfo.at\/fr\/wp-json\/wp\/v2\/posts\/870237\/revisions"}],"predecessor-version":[{"id":870240,"href":"https:\/\/www.albinfo.at\/fr\/wp-json\/wp\/v2\/posts\/870237\/revisions\/870240"}],"wp:featuredmedia":[{"embeddable":true,"href":"https:\/\/www.albinfo.at\/fr\/wp-json\/wp\/v2\/media\/870153"}],"wp:attachment":[{"href":"https:\/\/www.albinfo.at\/fr\/wp-json\/wp\/v2\/media?parent=870237"}],"wp:term":[{"taxonomy":"category","embeddable":true,"href":"https:\/\/www.albinfo.at\/fr\/wp-json\/wp\/v2\/categories?post=870237"},{"taxonomy":"post_tag","embeddable":true,"href":"https:\/\/www.albinfo.at\/fr\/wp-json\/wp\/v2\/tags?post=870237"},{"taxonomy":"vendi","embeddable":true,"href":"https:\/\/www.albinfo.at\/fr\/wp-json\/wp\/v2\/vendi?post=870237"},{"taxonomy":"content_country","embeddable":true,"href":"https:\/\/www.albinfo.at\/fr\/wp-json\/wp\/v2\/content_country?post=870237"}],"curies":[{"name":"wp","href":"https:\/\/api.w.org\/{rel}","templated":true}]}}