{"id":870170,"date":"2025-10-26T14:28:53","date_gmt":"2025-10-26T13:28:53","guid":{"rendered":"https:\/\/www.albinfo.ch\/?p=870170"},"modified":"2025-10-26T14:47:38","modified_gmt":"2025-10-26T13:47:38","slug":"asllani-brille-a-hoffenheim","status":"publish","type":"post","link":"https:\/\/www.albinfo.at\/fr\/asllani-brille-a-hoffenheim\/","title":{"rendered":"Asllani brille \u00e0 Hoffenheim"},"content":{"rendered":"<p data-start=\"0\" data-end=\"104\">Le footballeur du Kosovo, Fisnik Asllani, continue de briller en Bundesliga.<\/p>\n<p data-start=\"106\" data-end=\"320\">Samedi, il a marqu\u00e9 un superbe but lors de la victoire 3-1 d\u2019Hoffenheim contre Heidenheim lors de la huiti\u00e8me journ\u00e9e de Bundesliga, une victoire qui constitue la premi\u00e8re \u00e0 domicile pour Hoffenheim cette saison.<\/p>\n<p data-start=\"322\" data-end=\"613\">Asllani compte d\u00e9sormais cinq buts et une passe d\u00e9cisive en huit apparitions. Outre Asllani, Albian Hajdari a d\u00e9but\u00e9 en d\u00e9fense centrale et Leon Avdullahu au milieu de terrain pour Hoffenheim. Hajdari a \u00e9galement r\u00e9alis\u00e9 un bon match, tout comme Avdullahu, dont la prestation a \u00e9t\u00e9 salu\u00e9e.<\/p>\n<p data-start=\"615\" data-end=\"729\">Asllani, troisi\u00e8me meilleur buteur de la Bundesliga, s\u2019est dit tr\u00e8s heureux de la victoire, rapporte albinfo.ch.<\/p>\n<p data-start=\"731\" data-end=\"922\">\u201cJe me sens bien pour le but, mais encore mieux pour la victoire \u201d, a d\u00e9clar\u00e9 Asllani au site officiel d\u2019Hoffenheim. Il se r\u00e9jouit du fait que la victoire ait enfin \u00e9t\u00e9 obtenue \u00e0 domicile.<\/p>\n<p data-start=\"924\" data-end=\"1316\">\u201c Nous sommes tous tr\u00e8s heureux d\u2019avoir enfin pris trois points \u00e0 la maison. Maintenant, nous voulons construire sur cela, d\u2019abord pour le match de coupe, puis en Bundesliga. Nous avons r\u00e9agi rapidement apr\u00e8s mon but. Je suis heureux que le ballon ait fini au fond des filets. Beaucoup de travail a \u00e9t\u00e9 accompli dans cette \u00e9quipe. Cette fois, nous avons \u00e9t\u00e9 r\u00e9compens\u00e9s \u201d, a ajout\u00e9 Asllani.<\/p>\n<p data-start=\"1318\" data-end=\"1520\">Il est d\u00e9sormais un joueur important \u00e9galement pour le Kosovo, ayant marqu\u00e9 le but de la victoire contre la Su\u00e8de. Mais il s\u2019affirme aussi en Bundesliga, l\u2019un des championnats les plus forts du monde.<\/p>\n<p data-start=\"1522\" data-end=\"1694\">\u201c Nous avan\u00e7ons tous ensemble, et c\u2019est une grande satisfaction. Vous pouvez le voir dans les r\u00e9sultats\u00a0 c\u2019est pour cela que tout se passe si bien \u201d, a soulign\u00e9 Asllani.<\/p>\n","protected":false},"excerpt":{"rendered":"<p>Fisnik Asllani, qui est le troisi\u00e8me meilleur buteur de la Bundesliga, s\u2019est dit tr\u00e8s heureux de la victoire.<\/p>\n","protected":false},"author":6,"featured_media":870090,"comment_status":"closed","ping_status":"closed","sticky":false,"template":"","format":"standard","meta":{"footnotes":""},"categories":[24671,1169],"tags":[],"vendi":[],"content_country":[],"class_list":["post-870170","post","type-post","status-publish","format-standard","has-post-thumbnail","hentry","category-football","category-sport-fr"],"acf":[],"_links":{"self":[{"href":"https:\/\/www.albinfo.at\/fr\/wp-json\/wp\/v2\/posts\/870170","targetHints":{"allow":["GET"]}}],"collection":[{"href":"https:\/\/www.albinfo.at\/fr\/wp-json\/wp\/v2\/posts"}],"about":[{"href":"https:\/\/www.albinfo.at\/fr\/wp-json\/wp\/v2\/types\/post"}],"author":[{"embeddable":true,"href":"https:\/\/www.albinfo.at\/fr\/wp-json\/wp\/v2\/users\/6"}],"replies":[{"embeddable":true,"href":"https:\/\/www.albinfo.at\/fr\/wp-json\/wp\/v2\/comments?post=870170"}],"version-history":[{"count":1,"href":"https:\/\/www.albinfo.at\/fr\/wp-json\/wp\/v2\/posts\/870170\/revisions"}],"predecessor-version":[{"id":870172,"href":"https:\/\/www.albinfo.at\/fr\/wp-json\/wp\/v2\/posts\/870170\/revisions\/870172"}],"wp:featuredmedia":[{"embeddable":true,"href":"https:\/\/www.albinfo.at\/fr\/wp-json\/wp\/v2\/media\/870090"}],"wp:attachment":[{"href":"https:\/\/www.albinfo.at\/fr\/wp-json\/wp\/v2\/media?parent=870170"}],"wp:term":[{"taxonomy":"category","embeddable":true,"href":"https:\/\/www.albinfo.at\/fr\/wp-json\/wp\/v2\/categories?post=870170"},{"taxonomy":"post_tag","embeddable":true,"href":"https:\/\/www.albinfo.at\/fr\/wp-json\/wp\/v2\/tags?post=870170"},{"taxonomy":"vendi","embeddable":true,"href":"https:\/\/www.albinfo.at\/fr\/wp-json\/wp\/v2\/vendi?post=870170"},{"taxonomy":"content_country","embeddable":true,"href":"https:\/\/www.albinfo.at\/fr\/wp-json\/wp\/v2\/content_country?post=870170"}],"curies":[{"name":"wp","href":"https:\/\/api.w.org\/{rel}","templated":true}]}}