{"id":870058,"date":"2025-10-25T23:28:53","date_gmt":"2025-10-25T21:28:53","guid":{"rendered":"https:\/\/www.albinfo.ch\/?p=870058"},"modified":"2026-01-27T13:41:18","modified_gmt":"2026-01-27T12:41:18","slug":"une-rencontre-a-loym-la-diplomatie-les-affaires-et-le-sport-unissent-leurs-forces-pour-de-nouvelles-idees","status":"publish","type":"post","link":"https:\/\/www.albinfo.at\/fr\/une-rencontre-a-loym-la-diplomatie-les-affaires-et-le-sport-unissent-leurs-forces-pour-de-nouvelles-idees\/","title":{"rendered":"Une rencontre \u00e0 l\u2019OYM : la diplomatie, les affaires et le sport unissent leurs forces pour de nouvelles id\u00e9es"},"content":{"rendered":"<p>Un groupe de personnalit\u00e9s albano-suisses\u00a0 entrepreneurs, m\u00e9decins et banquiers\u00a0 accompagn\u00e9 de l\u2019ambassadeur de la R\u00e9publique du Kosovo en Suisse, Mentor Latifi, a visit\u00e9 le centre innovant OYM (On Your Marks) \u00e0 Baar, l\u2019un des centres sportifs et scientifiques les plus modernes d\u2019Europe.<\/p>\n<p><a href=\"https:\/\/www.albinfo.ch\/wp-content\/uploads\/2025\/10\/oym-bizenese.jpg\"><img loading=\"lazy\" decoding=\"async\" class=\"alignnone wp-image-869959\" src=\"https:\/\/www.albinfo.ch\/wp-content\/uploads\/2025\/10\/oym-bizenese-576x1024.jpg\" alt=\"\" width=\"619\" height=\"1100\" srcset=\"https:\/\/www.albinfo.at\/wp-content\/uploads\/2025\/10\/oym-bizenese-576x1024.jpg 576w, https:\/\/www.albinfo.at\/wp-content\/uploads\/2025\/10\/oym-bizenese-169x300.jpg 169w, https:\/\/www.albinfo.at\/wp-content\/uploads\/2025\/10\/oym-bizenese-768x1365.jpg 768w, https:\/\/www.albinfo.at\/wp-content\/uploads\/2025\/10\/oym-bizenese-864x1536.jpg 864w, https:\/\/www.albinfo.at\/wp-content\/uploads\/2025\/10\/oym-bizenese-223x396.jpg 223w, https:\/\/www.albinfo.at\/wp-content\/uploads\/2025\/10\/oym-bizenese-56x100.jpg 56w, https:\/\/www.albinfo.at\/wp-content\/uploads\/2025\/10\/oym-bizenese-98x175.jpg 98w, https:\/\/www.albinfo.at\/wp-content\/uploads\/2025\/10\/oym-bizenese.jpg 900w\" sizes=\"auto, (max-width: 619px) 100vw, 619px\" \/><\/a><\/p>\n<p data-start=\"0\" data-end=\"387\">Les invit\u00e9s ont \u00e9t\u00e9 accueillis par Hans-Peter Strebel, fondateur de l\u2019OYM et l\u2019une des figures les plus visionnaires du sport suisse. Au cours de la visite, Strebel a pr\u00e9sent\u00e9 aux invit\u00e9s le concept unique du centre, o\u00f9 l\u2019entra\u00eenement athl\u00e9tique, la r\u00e9\u00e9ducation et la recherche scientifique se rejoignent dans un espace con\u00e7u avec pr\u00e9cision et une esth\u00e9tique moderne.<\/p>\n<p data-start=\"389\" data-end=\"605\">Depuis son ouverture en 2020, l\u2019OYM est devenu un point de r\u00e9f\u00e9rence pour le sport d\u2019\u00e9lite suisse, offrant des conditions optimales aux athl\u00e8tes des f\u00e9d\u00e9rations nationales et aux clubs les plus performants du pays.<\/p>\n<p><a href=\"https:\/\/www.albinfo.ch\/wp-content\/uploads\/2025\/10\/oym-biznes.jpg\"><img loading=\"lazy\" decoding=\"async\" class=\"alignnone size-large wp-image-869962\" src=\"https:\/\/www.albinfo.ch\/wp-content\/uploads\/2025\/10\/oym-biznes-1024x813.jpg\" alt=\"\" width=\"640\" height=\"508\" srcset=\"https:\/\/www.albinfo.at\/wp-content\/uploads\/2025\/10\/oym-biznes-1024x813.jpg 1024w, https:\/\/www.albinfo.at\/wp-content\/uploads\/2025\/10\/oym-biznes-300x238.jpg 300w, https:\/\/www.albinfo.at\/wp-content\/uploads\/2025\/10\/oym-biznes-768x610.jpg 768w, https:\/\/www.albinfo.at\/wp-content\/uploads\/2025\/10\/oym-biznes-1536x1220.jpg 1536w, https:\/\/www.albinfo.at\/wp-content\/uploads\/2025\/10\/oym-biznes-499x396.jpg 499w, https:\/\/www.albinfo.at\/wp-content\/uploads\/2025\/10\/oym-biznes-126x100.jpg 126w, https:\/\/www.albinfo.at\/wp-content\/uploads\/2025\/10\/oym-biznes-220x175.jpg 220w, https:\/\/www.albinfo.at\/wp-content\/uploads\/2025\/10\/oym-biznes.jpg 2048w\" sizes=\"auto, (max-width: 640px) 100vw, 640px\" \/><\/a><\/p>\n<p data-start=\"0\" data-end=\"280\">Selon les responsables du centre, \u201cl\u2019attention scientifique et individuelle port\u00e9e aux athl\u00e8tes est la cl\u00e9 du succ\u00e8s, avec deux objectifs principaux : maximiser l\u2019adaptation \u00e0 l\u2019entra\u00eenement et am\u00e9liorer la performance sp\u00e9cifique \u00e0 chaque discipline sportive.\u201d<\/p>\n<p data-start=\"282\" data-end=\"825\">\u00c0 la fin de la visite, Shpresa Fejzulahi, assistante personnelle de Hans-Peter Strebel et pr\u00e9sidente du conseil d\u2019administration de l\u2019entreprise Beyond Design, a r\u00e9alis\u00e9 une interview exclusive avec l\u2019ambassadeur Mentor Latifi et Hans-Peter Strebel. Tous deux partagent une histoire int\u00e9ressante : ils ont commenc\u00e9 leur carri\u00e8re dans l\u2019industrie pharmaceutique, alors qu\u2019aujourd\u2019hui ils sont engag\u00e9s dans des domaines compl\u00e8tement diff\u00e9rents, l\u2019un dans la diplomatie et l\u2019autre dans l\u2019investissement dans le sport et le d\u00e9veloppement urbain.<\/p>\n<p data-start=\"827\" data-end=\"1122\">Le concept architectural int\u00e9rieur de l\u2019OYM a \u00e9t\u00e9 con\u00e7u par Myriam von Rickenbach, cofondatrice de Beyond Design et architecte d\u2019int\u00e9rieur. Elle a jou\u00e9 un r\u00f4le essentiel dans la cr\u00e9ation d\u2019un espace fonctionnel et inspirant, influen\u00e7ant directement l\u2019exp\u00e9rience et la performance des athl\u00e8tes.<\/p>\n<p data-start=\"0\" data-end=\"86\"><strong>Hans-Peter Strebel, de la pharmacie \u00e0 la philanthropie et au sport<\/strong><\/p>\n<p data-start=\"88\" data-end=\"482\">Hans-Peter Strebel est un entrepreneur et philanthrope avec une carri\u00e8re impressionnante dans l\u2019industrie pharmaceutique. En 2006, il a vendu son entreprise \u00e0 Biogen et, depuis lors, il s\u2019est engag\u00e9 personnellement et financi\u00e8rement dans des projets li\u00e9s au sport, \u00e0 la science, \u00e0 l\u2019\u00e9ducation et au d\u00e9veloppement social. Il est le fondateur de l\u2019OYM et l\u2019actionnaire principal du club EV Zug.<\/p>\n<p data-start=\"484\" data-end=\"683\">La visite a \u00e9t\u00e9 organis\u00e9e par Besfort Bilalli, ancien handballeur professionnel et aujourd\u2019hui entrepreneur. Son organisation, SBN, a pour objectif de relier le monde du sport \u00e0 celui des affaires.<\/p>\n","protected":false},"excerpt":{"rendered":"<p>Un groupe de personnalit\u00e9s albano-suisses\u00a0 entrepreneurs, m\u00e9decins et banquiers\u00a0 accompagn\u00e9 de l\u2019ambassadeur de la R\u00e9publique du Kosovo en Suisse, Mentor Latifi, a visit\u00e9 le centre innovant OYM (On Your Marks) \u00e0 Baar, l\u2019un des centres sportifs et scientifiques les plus modernes d\u2019Europe. Les invit\u00e9s ont \u00e9t\u00e9 accueillis par Hans-Peter Strebel, fondateur de l\u2019OYM et l\u2019une [&hellip;]<\/p>\n","protected":false},"author":6,"featured_media":869966,"comment_status":"closed","ping_status":"closed","sticky":false,"template":"","format":"standard","meta":{"footnotes":""},"categories":[34898,34925,1171,3980,24637,1164,3979,24630,1163,1170,1186,1411,2014],"tags":[],"vendi":[],"content_country":[31835,31838,31840],"class_list":["post-870058","post","type-post","status-publish","format-standard","has-post-thumbnail","hentry","category-integration-2","category-portraits-dentreprises","category-thematique","category-portrait-des-entreprises","category-nouvelles-fr-4","category-integration-fr","category-entreprises-cat","category-nouvelles","category-fr-e-diaspora","category-vivre-en-suisse","category-couverture-de-terrain","category-newsletter-fr","category-newsletter-media-fr","content_country-austria-fr","content_country-germany-fr","content_country-zvicer-fr"],"acf":[],"_links":{"self":[{"href":"https:\/\/www.albinfo.at\/fr\/wp-json\/wp\/v2\/posts\/870058","targetHints":{"allow":["GET"]}}],"collection":[{"href":"https:\/\/www.albinfo.at\/fr\/wp-json\/wp\/v2\/posts"}],"about":[{"href":"https:\/\/www.albinfo.at\/fr\/wp-json\/wp\/v2\/types\/post"}],"author":[{"embeddable":true,"href":"https:\/\/www.albinfo.at\/fr\/wp-json\/wp\/v2\/users\/6"}],"replies":[{"embeddable":true,"href":"https:\/\/www.albinfo.at\/fr\/wp-json\/wp\/v2\/comments?post=870058"}],"version-history":[{"count":3,"href":"https:\/\/www.albinfo.at\/fr\/wp-json\/wp\/v2\/posts\/870058\/revisions"}],"predecessor-version":[{"id":895854,"href":"https:\/\/www.albinfo.at\/fr\/wp-json\/wp\/v2\/posts\/870058\/revisions\/895854"}],"wp:featuredmedia":[{"embeddable":true,"href":"https:\/\/www.albinfo.at\/fr\/wp-json\/wp\/v2\/media\/869966"}],"wp:attachment":[{"href":"https:\/\/www.albinfo.at\/fr\/wp-json\/wp\/v2\/media?parent=870058"}],"wp:term":[{"taxonomy":"category","embeddable":true,"href":"https:\/\/www.albinfo.at\/fr\/wp-json\/wp\/v2\/categories?post=870058"},{"taxonomy":"post_tag","embeddable":true,"href":"https:\/\/www.albinfo.at\/fr\/wp-json\/wp\/v2\/tags?post=870058"},{"taxonomy":"vendi","embeddable":true,"href":"https:\/\/www.albinfo.at\/fr\/wp-json\/wp\/v2\/vendi?post=870058"},{"taxonomy":"content_country","embeddable":true,"href":"https:\/\/www.albinfo.at\/fr\/wp-json\/wp\/v2\/content_country?post=870058"}],"curies":[{"name":"wp","href":"https:\/\/api.w.org\/{rel}","templated":true}]}}