{"id":869818,"date":"2025-10-24T22:18:29","date_gmt":"2025-10-24T20:18:29","guid":{"rendered":"https:\/\/www.albinfo.ch\/?p=869818"},"modified":"2025-10-24T22:18:46","modified_gmt":"2025-10-24T20:18:46","slug":"flona-abdullahi-une-jeune-ingenieure-issue-de-la-diaspora-construit-sa-carriere-en-suede","status":"publish","type":"post","link":"https:\/\/www.albinfo.at\/fr\/flona-abdullahi-une-jeune-ingenieure-issue-de-la-diaspora-construit-sa-carriere-en-suede\/","title":{"rendered":"Flona Abdullahi, une jeune ing\u00e9nieure issue de la diaspora, construit sa carri\u00e8re en Su\u00e8de"},"content":{"rendered":"<p data-start=\"0\" data-end=\"375\">Flona Abdullahi, n\u00e9e en Su\u00e8de et originaire du Kosovo, est un exemple inspirant de la nouvelle g\u00e9n\u00e9ration de professionnels issus de la diaspora. Elle a termin\u00e9 ses \u00e9tudes \u00e0 la Chalmers University of Technology, l\u2019une des universit\u00e9s les plus prestigieuses de Su\u00e8de, o\u00f9 elle a obtenu son dipl\u00f4me d\u2019ing\u00e9nieure en \u00e9conomie industrielle, rapporte albinfo.ch.<\/p>\n<p data-start=\"377\" data-end=\"615\">Actuellement, Flona a commenc\u00e9 sa carri\u00e8re professionnelle au sein de l\u2019entreprise \u00ab Eidra \u00bb, une soci\u00e9t\u00e9 su\u00e9doise innovante qui combine technologie et cr\u00e9ativit\u00e9 afin de d\u00e9velopper des solutions modernes pour l\u2019industrie contemporaine.<\/p>\n<p data-start=\"617\" data-end=\"862\">Aujourd\u2019hui, elle a rejoint le R\u00e9seau des Jeunes Professionnels, une initiative de l\u2019Ambassade du Kosovo en Su\u00e8de, qui vise \u00e0 connecter, renforcer et promouvoir les jeunes d\u2019origine kosovare construisant leur carri\u00e8re \u00e0 l\u2019\u00e9tranger. \/Albinfo.ch<\/p>\n","protected":false},"excerpt":{"rendered":"<p>Encore un t\u00e9moignage de r\u00e9ussite issu de notre diaspora<\/p>\n","protected":false},"author":6,"featured_media":869634,"comment_status":"closed","ping_status":"closed","sticky":false,"template":"","format":"standard","meta":{"footnotes":""},"categories":[33083,23270,24630,1159],"tags":[],"vendi":[],"content_country":[],"class_list":["post-869818","post","type-post","status-publish","format-standard","has-post-thumbnail","hentry","category-de-balkani-fr","category-at-balkani-fr","category-nouvelles","category-ch-balkans"],"acf":[],"_links":{"self":[{"href":"https:\/\/www.albinfo.at\/fr\/wp-json\/wp\/v2\/posts\/869818","targetHints":{"allow":["GET"]}}],"collection":[{"href":"https:\/\/www.albinfo.at\/fr\/wp-json\/wp\/v2\/posts"}],"about":[{"href":"https:\/\/www.albinfo.at\/fr\/wp-json\/wp\/v2\/types\/post"}],"author":[{"embeddable":true,"href":"https:\/\/www.albinfo.at\/fr\/wp-json\/wp\/v2\/users\/6"}],"replies":[{"embeddable":true,"href":"https:\/\/www.albinfo.at\/fr\/wp-json\/wp\/v2\/comments?post=869818"}],"version-history":[{"count":1,"href":"https:\/\/www.albinfo.at\/fr\/wp-json\/wp\/v2\/posts\/869818\/revisions"}],"predecessor-version":[{"id":869819,"href":"https:\/\/www.albinfo.at\/fr\/wp-json\/wp\/v2\/posts\/869818\/revisions\/869819"}],"wp:featuredmedia":[{"embeddable":true,"href":"https:\/\/www.albinfo.at\/fr\/wp-json\/wp\/v2\/media\/869634"}],"wp:attachment":[{"href":"https:\/\/www.albinfo.at\/fr\/wp-json\/wp\/v2\/media?parent=869818"}],"wp:term":[{"taxonomy":"category","embeddable":true,"href":"https:\/\/www.albinfo.at\/fr\/wp-json\/wp\/v2\/categories?post=869818"},{"taxonomy":"post_tag","embeddable":true,"href":"https:\/\/www.albinfo.at\/fr\/wp-json\/wp\/v2\/tags?post=869818"},{"taxonomy":"vendi","embeddable":true,"href":"https:\/\/www.albinfo.at\/fr\/wp-json\/wp\/v2\/vendi?post=869818"},{"taxonomy":"content_country","embeddable":true,"href":"https:\/\/www.albinfo.at\/fr\/wp-json\/wp\/v2\/content_country?post=869818"}],"curies":[{"name":"wp","href":"https:\/\/api.w.org\/{rel}","templated":true}]}}