{"id":869810,"date":"2025-10-24T22:06:32","date_gmt":"2025-10-24T20:06:32","guid":{"rendered":"https:\/\/www.albinfo.ch\/?p=869810"},"modified":"2025-10-26T13:59:11","modified_gmt":"2025-10-26T12:59:11","slug":"dan-ballard-declare-que-granit-xhaka-a-apporte-un-changement-majeur-au-sunderland-afc","status":"publish","type":"post","link":"https:\/\/www.albinfo.at\/fr\/dan-ballard-declare-que-granit-xhaka-a-apporte-un-changement-majeur-au-sunderland-afc\/","title":{"rendered":"Dan Ballard d\u00e9clare que Granit Xhaka a apport\u00e9 un changement majeur au Sunderland AFC."},"content":{"rendered":"<p data-start=\"0\" data-end=\"256\">Le d\u00e9fenseur de Sunderland, Dan Ballard, a parl\u00e9 de l\u2019influence majeure que Granit Xhaka a eue sur l\u2019\u00e9quipe depuis son arriv\u00e9e en provenance du Bayer Leverkusen, durant l\u2019\u00e9t\u00e9, pour un montant de 15 millions d\u2019euros, rapporte albinfo.ch.<\/p>\n<p data-start=\"258\" data-end=\"431\">Selon Ballard, le milieu de terrain kosovar, fort de sa longue exp\u00e9rience dans le football europ\u00e9en, a apport\u00e9 une \u00e9nergie et un professionnalisme exceptionnels au groupe.<\/p>\n<p data-start=\"433\" data-end=\"671\">&#8221; Je ne pensais pas qu\u2019un joueur pouvait avoir un tel impact sur une \u00e9quipe, mais Xhaka est un motivateur incroyable et il a relev\u00e9 les standards. Quand tu t\u2019entra\u00eenes, tu sens que tu dois l\u2019impressionner &#8220;, a d\u00e9clar\u00e9 Ballard \u00e0 Reuters.<\/p>\n<p data-start=\"673\" data-end=\"1016\">Xhaka, \u00e2g\u00e9 de 33 ans, ancien joueur du FC B\u00e2le, du Borussia M\u00f6nchengladbach et d\u2019Arsenal, compte parmi les meilleurs \u00e9l\u00e9ments de Sunderland. Il a enregistr\u00e9 trois passes d\u00e9cisives lors des huit premiers matchs de Premier League, et sous sa direction en tant que capitaine, l\u2019\u00e9quipe occupe actuellement la septi\u00e8me place avec quatorze points.<\/p>\n<p data-start=\"1018\" data-end=\"1122\">Rappelons que Sunderland a fait son retour en Premier League le 24 mai 2025, apr\u00e8s huit ans d\u2019absence.<\/p>\n<p data-start=\"1124\" data-end=\"1215\">Le prochain match de l\u2019\u00e9quipe de Xhaka aura lieu samedi \u00e0 Stamford Bridge contre Chelsea.<\/p>\n","protected":false},"excerpt":{"rendered":"<p>Le d\u00e9fenseur Ballard parle de l\u2019influence de Xhaka \u00e0 Sunderland<\/p>\n","protected":false},"author":6,"featured_media":869629,"comment_status":"closed","ping_status":"closed","sticky":false,"template":"","format":"standard","meta":{"footnotes":""},"categories":[24671,1169],"tags":[],"vendi":[],"content_country":[],"class_list":["post-869810","post","type-post","status-publish","format-standard","has-post-thumbnail","hentry","category-football","category-sport-fr"],"acf":[],"_links":{"self":[{"href":"https:\/\/www.albinfo.at\/fr\/wp-json\/wp\/v2\/posts\/869810","targetHints":{"allow":["GET"]}}],"collection":[{"href":"https:\/\/www.albinfo.at\/fr\/wp-json\/wp\/v2\/posts"}],"about":[{"href":"https:\/\/www.albinfo.at\/fr\/wp-json\/wp\/v2\/types\/post"}],"author":[{"embeddable":true,"href":"https:\/\/www.albinfo.at\/fr\/wp-json\/wp\/v2\/users\/6"}],"replies":[{"embeddable":true,"href":"https:\/\/www.albinfo.at\/fr\/wp-json\/wp\/v2\/comments?post=869810"}],"version-history":[{"count":1,"href":"https:\/\/www.albinfo.at\/fr\/wp-json\/wp\/v2\/posts\/869810\/revisions"}],"predecessor-version":[{"id":869811,"href":"https:\/\/www.albinfo.at\/fr\/wp-json\/wp\/v2\/posts\/869810\/revisions\/869811"}],"wp:featuredmedia":[{"embeddable":true,"href":"https:\/\/www.albinfo.at\/fr\/wp-json\/wp\/v2\/media\/869629"}],"wp:attachment":[{"href":"https:\/\/www.albinfo.at\/fr\/wp-json\/wp\/v2\/media?parent=869810"}],"wp:term":[{"taxonomy":"category","embeddable":true,"href":"https:\/\/www.albinfo.at\/fr\/wp-json\/wp\/v2\/categories?post=869810"},{"taxonomy":"post_tag","embeddable":true,"href":"https:\/\/www.albinfo.at\/fr\/wp-json\/wp\/v2\/tags?post=869810"},{"taxonomy":"vendi","embeddable":true,"href":"https:\/\/www.albinfo.at\/fr\/wp-json\/wp\/v2\/vendi?post=869810"},{"taxonomy":"content_country","embeddable":true,"href":"https:\/\/www.albinfo.at\/fr\/wp-json\/wp\/v2\/content_country?post=869810"}],"curies":[{"name":"wp","href":"https:\/\/api.w.org\/{rel}","templated":true}]}}