{"id":869570,"date":"2025-10-23T18:54:42","date_gmt":"2025-10-23T16:54:42","guid":{"rendered":"https:\/\/www.albinfo.ch\/?p=869570"},"modified":"2025-10-23T18:57:52","modified_gmt":"2025-10-23T16:57:52","slug":"kurti-et-osmani-participent-a-louverture-du-festival-de-la-technologie-doku-tech-2025","status":"publish","type":"post","link":"https:\/\/www.albinfo.at\/fr\/kurti-et-osmani-participent-a-louverture-du-festival-de-la-technologie-doku-tech-2025\/","title":{"rendered":"Kurti et Osmani participent \u00e0 l\u2019ouverture du Festival de la technologie DOKU.TECH 2025."},"content":{"rendered":"<p data-start=\"0\" data-end=\"471\">Le Premier ministre en exercice, Albin Kurti, et la pr\u00e9sidente du Kosovo, Vjosa Osmani, participeront \u00e0 la c\u00e9r\u00e9monie d\u2019ouverture du Festival de la technologie DOKU.TECH 2025, qui se tiendra aujourd\u2019hui \u00e0 12h00 au Tech Park Prishtina. Dans un communiqu\u00e9 de presse, il est pr\u00e9cis\u00e9 que la participation du Premier ministre Kurti \u00e0 l\u2019ouverture de la conf\u00e9rence a \u00e9t\u00e9 confirm\u00e9e, tandis que la pr\u00e9sidente Osmani y adressera un discours, rapporte albinfo.ch.<\/p>\n<p data-start=\"473\" data-end=\"915\">Cette nouvelle \u00e9dition de DOKU.TECH se d\u00e9roule dans le cadre de l\u2019initiative gouvernementale &#8221; October Tech Kosova &#8221; et b\u00e9n\u00e9ficie du soutien du gouvernement de la R\u00e9publique du Kosovo. Durant les deux jours du festival, les 23 et 24 octobre, l\u2019\u00e9v\u00e9nement r\u00e9unira des experts locaux et internationaux afin d\u2019\u00e9changer des id\u00e9es, des exp\u00e9riences et des perspectives sur la technologie, l\u2019innovation et les d\u00e9veloppements futurs dans ce domaine.<\/p>\n<p data-start=\"917\" data-end=\"1562\">Le programme de DOKU.TECH 2025 comprend plusieurs activit\u00e9s, notamment :<br data-start=\"989\" data-end=\"992\" \/>\u2022 Des conf\u00e9rences principales d\u2019Edi Demaj et Christopher Petrillo, qui aborderont les th\u00e8mes les plus actuels de la technologie et de son impact mondial ;<br data-start=\"1146\" data-end=\"1149\" \/>\u2022 Un Masterclass DIY, offrant aux participants la possibilit\u00e9 de s\u2019impliquer dans des activit\u00e9s cr\u00e9atives et \u00e9ducatives ;<br data-start=\"1270\" data-end=\"1273\" \/>\u2022 Un panel de discussion avec des experts locaux et internationaux sur les d\u00e9fis et les opportunit\u00e9s que la technologie offre au Kosovo et \u00e0 la r\u00e9gion ;<br data-start=\"1425\" data-end=\"1428\" \/>\u2022 Ainsi qu\u2019un Cyber Exercise, une simulation interactive visant \u00e0 renforcer la sensibilisation et la pr\u00e9paration \u00e0 la cybers\u00e9curit\u00e9.<\/p>\n<p data-start=\"1564\" data-end=\"1803\">Le festival DOKU.TECH devrait servir de plateforme importante pour l\u2019\u00e9change d\u2019id\u00e9es et la promotion de l\u2019innovation au Kosovo, positionnant le pays comme un acteur actif dans les d\u00e9veloppements technologiques mondiaux. \/Abinfo.ch<\/p>\n","protected":false},"excerpt":{"rendered":"<p>Kurti et Osmani rentrent au Kosovo pour participer \u00e0 cet \u00e9v\u00e9nement.<\/p>\n","protected":false},"author":6,"featured_media":869420,"comment_status":"closed","ping_status":"closed","sticky":false,"template":"","format":"standard","meta":{"footnotes":""},"categories":[33083,23271,3949,23270,24630,1159],"tags":[],"vendi":[],"content_country":[31835,31838,31840],"class_list":["post-869570","post","type-post","status-publish","format-standard","has-post-thumbnail","hentry","category-de-balkani-fr","category-kosovo","category-kosova-fr","category-at-balkani-fr","category-nouvelles","category-ch-balkans","content_country-austria-fr","content_country-germany-fr","content_country-zvicer-fr"],"acf":[],"_links":{"self":[{"href":"https:\/\/www.albinfo.at\/fr\/wp-json\/wp\/v2\/posts\/869570","targetHints":{"allow":["GET"]}}],"collection":[{"href":"https:\/\/www.albinfo.at\/fr\/wp-json\/wp\/v2\/posts"}],"about":[{"href":"https:\/\/www.albinfo.at\/fr\/wp-json\/wp\/v2\/types\/post"}],"author":[{"embeddable":true,"href":"https:\/\/www.albinfo.at\/fr\/wp-json\/wp\/v2\/users\/6"}],"replies":[{"embeddable":true,"href":"https:\/\/www.albinfo.at\/fr\/wp-json\/wp\/v2\/comments?post=869570"}],"version-history":[{"count":2,"href":"https:\/\/www.albinfo.at\/fr\/wp-json\/wp\/v2\/posts\/869570\/revisions"}],"predecessor-version":[{"id":869573,"href":"https:\/\/www.albinfo.at\/fr\/wp-json\/wp\/v2\/posts\/869570\/revisions\/869573"}],"wp:featuredmedia":[{"embeddable":true,"href":"https:\/\/www.albinfo.at\/fr\/wp-json\/wp\/v2\/media\/869420"}],"wp:attachment":[{"href":"https:\/\/www.albinfo.at\/fr\/wp-json\/wp\/v2\/media?parent=869570"}],"wp:term":[{"taxonomy":"category","embeddable":true,"href":"https:\/\/www.albinfo.at\/fr\/wp-json\/wp\/v2\/categories?post=869570"},{"taxonomy":"post_tag","embeddable":true,"href":"https:\/\/www.albinfo.at\/fr\/wp-json\/wp\/v2\/tags?post=869570"},{"taxonomy":"vendi","embeddable":true,"href":"https:\/\/www.albinfo.at\/fr\/wp-json\/wp\/v2\/vendi?post=869570"},{"taxonomy":"content_country","embeddable":true,"href":"https:\/\/www.albinfo.at\/fr\/wp-json\/wp\/v2\/content_country?post=869570"}],"curies":[{"name":"wp","href":"https:\/\/api.w.org\/{rel}","templated":true}]}}