{"id":869553,"date":"2025-10-23T18:09:17","date_gmt":"2025-10-23T16:09:17","guid":{"rendered":"https:\/\/www.albinfo.ch\/?p=869553"},"modified":"2025-10-26T14:05:58","modified_gmt":"2025-10-26T13:05:58","slug":"la-kfor-salue-lelargissement-du-soutien-britannique-au-kosovo-jusquen-2028-gjermanisht","status":"publish","type":"post","link":"https:\/\/www.albinfo.at\/fr\/la-kfor-salue-lelargissement-du-soutien-britannique-au-kosovo-jusquen-2028-gjermanisht\/","title":{"rendered":"La KFOR salue l\u2019\u00e9largissement du soutien britannique au Kosovo jusqu\u2019en 2028.  Gjermanisht:"},"content":{"rendered":"<p data-start=\"0\" data-end=\"212\">La mission KFOR, dirig\u00e9e par l\u2019OTAN, a salu\u00e9 la d\u00e9cision du Royaume-Uni d\u2019\u00e9largir son soutien aux troupes de maintien de la paix au Kosovo au moins jusqu\u2019en d\u00e9cembre 2028, rapporte albinfo.ch.<\/p>\n<p data-start=\"214\" data-end=\"427\">Cet engagement continu du Royaume-Uni renforce les efforts de la KFOR pour maintenir un environnement s\u00fbr pour tous les citoyens du Kosovo et pour promouvoir la stabilit\u00e9 dans l\u2019ensemble des Balkans occidentaux.<\/p>\n<p data-start=\"429\" data-end=\"946\">&#8221; Avec 33 pays contributeurs, la KFOR reste in\u00e9branlable dans sa mission de soutenir la paix, la s\u00e9curit\u00e9 et la stabilit\u00e9 &#8220;, indique le communiqu\u00e9 de la mission. La KFOR souligne que la coop\u00e9ration et la confiance mutuelle entre partenaires sont essentielles pour une r\u00e9gion plus s\u00fbre et plus stable. Les troupes britanniques, faisant partie de la force de r\u00e9serve de l\u2019OTAN, peuvent \u00eatre rapidement d\u00e9ploy\u00e9es pour assister la mission en cas de besoin, garantissant une r\u00e9action rapide face \u00e0 tout d\u00e9fi s\u00e9curitaire.<\/p>\n<p data-start=\"948\" data-end=\"1135\">Le gouvernement britannique a pr\u00e9cis\u00e9 que le soutien \u00e0 la KFOR fait partie de sa strat\u00e9gie de s\u00e9curit\u00e9 r\u00e9gionale et de son engagement constant pour la paix dans les Balkans occidentaux.<\/p>\n<p data-start=\"1137\" data-end=\"1677\">Cette d\u00e9cision britannique devrait contribuer \u00e0 rendre le Kosovo et la r\u00e9gion plus s\u00fbrs, en garantissant que la mission de l\u2019OTAN reste efficace et cr\u00e9dible. La KFOR joue un r\u00f4le essentiel dans la surveillance de la s\u00e9curit\u00e9, y compris le long de la fronti\u00e8re entre le Kosovo et la Serbie, ainsi que dans la coop\u00e9ration avec les autorit\u00e9s locales. Cette derni\u00e8re \u00e9tape renforce encore davantage la coop\u00e9ration internationale et l\u2019engagement de l\u2019OTAN en faveur de la paix et de la stabilit\u00e9 dans les Balkans occidentaux. \/Albinfo.ch<\/p>\n","protected":false},"excerpt":{"rendered":"<p>La mission KFOR, dirig\u00e9e par l\u2019OTAN, a salu\u00e9 la d\u00e9cision du Royaume-Uni d\u2019\u00e9largir son soutien aux troupes de maintien de la paix au Kosovo au moins jusqu\u2019en d\u00e9cembre 2028, rapporte albinfo.ch. Cet engagement continu du Royaume-Uni renforce les efforts de la KFOR pour maintenir un environnement s\u00fbr pour tous les citoyens du Kosovo et pour [&hellip;]<\/p>\n","protected":false},"author":6,"featured_media":869414,"comment_status":"closed","ping_status":"closed","sticky":false,"template":"","format":"standard","meta":{"footnotes":""},"categories":[33083,23271,1160,3949,23277,23270,24620,24634,1159],"tags":[],"vendi":[],"content_country":[31835,31838,31840],"class_list":["post-869553","post","type-post","status-publish","format-standard","has-post-thumbnail","hentry","category-de-balkani-fr","category-kosovo","category-actuel","category-kosova-fr","category-news-fr","category-at-balkani-fr","category-kosova-fr-2","category-nouvelles-fr-3","category-ch-balkans","content_country-austria-fr","content_country-germany-fr","content_country-zvicer-fr"],"acf":[],"_links":{"self":[{"href":"https:\/\/www.albinfo.at\/fr\/wp-json\/wp\/v2\/posts\/869553","targetHints":{"allow":["GET"]}}],"collection":[{"href":"https:\/\/www.albinfo.at\/fr\/wp-json\/wp\/v2\/posts"}],"about":[{"href":"https:\/\/www.albinfo.at\/fr\/wp-json\/wp\/v2\/types\/post"}],"author":[{"embeddable":true,"href":"https:\/\/www.albinfo.at\/fr\/wp-json\/wp\/v2\/users\/6"}],"replies":[{"embeddable":true,"href":"https:\/\/www.albinfo.at\/fr\/wp-json\/wp\/v2\/comments?post=869553"}],"version-history":[{"count":1,"href":"https:\/\/www.albinfo.at\/fr\/wp-json\/wp\/v2\/posts\/869553\/revisions"}],"predecessor-version":[{"id":869554,"href":"https:\/\/www.albinfo.at\/fr\/wp-json\/wp\/v2\/posts\/869553\/revisions\/869554"}],"wp:featuredmedia":[{"embeddable":true,"href":"https:\/\/www.albinfo.at\/fr\/wp-json\/wp\/v2\/media\/869414"}],"wp:attachment":[{"href":"https:\/\/www.albinfo.at\/fr\/wp-json\/wp\/v2\/media?parent=869553"}],"wp:term":[{"taxonomy":"category","embeddable":true,"href":"https:\/\/www.albinfo.at\/fr\/wp-json\/wp\/v2\/categories?post=869553"},{"taxonomy":"post_tag","embeddable":true,"href":"https:\/\/www.albinfo.at\/fr\/wp-json\/wp\/v2\/tags?post=869553"},{"taxonomy":"vendi","embeddable":true,"href":"https:\/\/www.albinfo.at\/fr\/wp-json\/wp\/v2\/vendi?post=869553"},{"taxonomy":"content_country","embeddable":true,"href":"https:\/\/www.albinfo.at\/fr\/wp-json\/wp\/v2\/content_country?post=869553"}],"curies":[{"name":"wp","href":"https:\/\/api.w.org\/{rel}","templated":true}]}}