{"id":869315,"date":"2025-10-22T19:35:54","date_gmt":"2025-10-22T17:35:54","guid":{"rendered":"https:\/\/www.albinfo.ch\/?p=869315"},"modified":"2025-10-23T13:49:12","modified_gmt":"2025-10-23T11:49:12","slug":"la-suisse-attend-un-grand-soutien-a-pristina-pour-le-match-contre-le-kosovo-et-un-tarif-des-billets-a-ete-fixe","status":"publish","type":"post","link":"https:\/\/www.albinfo.at\/fr\/la-suisse-attend-un-grand-soutien-a-pristina-pour-le-match-contre-le-kosovo-et-un-tarif-des-billets-a-ete-fixe\/","title":{"rendered":"La Suisse compte sur un large soutien au Kosovo"},"content":{"rendered":"<p data-start=\"0\" data-end=\"399\">La Suisse devrait b\u00e9n\u00e9ficier du soutien d\u2019un nombre consid\u00e9rable de supporters lors du match contre le Kosovo, qui se jouera le 18 novembre au stade &#8221; Fadil Vokrri &#8220;. Cette rencontre, comptant pour la derni\u00e8re journ\u00e9e des qualifications pour la Coupe du Monde 2026, pourrait \u00eatre d\u00e9cisive pour le classement final du groupe, notamment pour la premi\u00e8re place, rapporte albinfo.ch.<\/p>\n<p data-start=\"401\" data-end=\"753\">La F\u00e9d\u00e9ration suisse de football a annonc\u00e9 que les billets destin\u00e9s au secteur r\u00e9serv\u00e9 aux supporters suisses seront mis en vente au prix de seulement 10 euros. Chaque personne pourra acheter jusqu\u2019\u00e0 quatre billets. La vente n\u2019a pas encore commenc\u00e9 et se fera via un lien que la F\u00e9d\u00e9ration de football du Kosovo (FFK) fournira \u00e0 la F\u00e9d\u00e9ration suisse.<\/p>\n<p data-start=\"755\" data-end=\"1025\">De son c\u00f4t\u00e9, la FFK n\u2019a pas encore ouvert officiellement la vente des billets pour les supporters kosovars. En raison de l\u2019importance du match et de l\u2019int\u00e9r\u00eat \u00e9lev\u00e9, il est attendu que les billets s\u2019\u00e9puisent en quelques heures d\u00e8s leur mise en vente. \/Albinfo.ch<\/p>\n","protected":false},"excerpt":{"rendered":"<p>La Suisse b\u00e9n\u00e9ficiera d\u2019un soutien consid\u00e9rable face au Kosovo le 18 novembre.<\/p>\n","protected":false},"author":6,"featured_media":568451,"comment_status":"closed","ping_status":"closed","sticky":false,"template":"","format":"standard","meta":{"footnotes":""},"categories":[1171,24630,24671,1169,1170],"tags":[],"vendi":[],"content_country":[31835,31838,31840],"class_list":["post-869315","post","type-post","status-publish","format-standard","has-post-thumbnail","hentry","category-thematique","category-nouvelles","category-football","category-sport-fr","category-vivre-en-suisse","content_country-austria-fr","content_country-germany-fr","content_country-zvicer-fr"],"acf":[],"_links":{"self":[{"href":"https:\/\/www.albinfo.at\/fr\/wp-json\/wp\/v2\/posts\/869315","targetHints":{"allow":["GET"]}}],"collection":[{"href":"https:\/\/www.albinfo.at\/fr\/wp-json\/wp\/v2\/posts"}],"about":[{"href":"https:\/\/www.albinfo.at\/fr\/wp-json\/wp\/v2\/types\/post"}],"author":[{"embeddable":true,"href":"https:\/\/www.albinfo.at\/fr\/wp-json\/wp\/v2\/users\/6"}],"replies":[{"embeddable":true,"href":"https:\/\/www.albinfo.at\/fr\/wp-json\/wp\/v2\/comments?post=869315"}],"version-history":[{"count":2,"href":"https:\/\/www.albinfo.at\/fr\/wp-json\/wp\/v2\/posts\/869315\/revisions"}],"predecessor-version":[{"id":869483,"href":"https:\/\/www.albinfo.at\/fr\/wp-json\/wp\/v2\/posts\/869315\/revisions\/869483"}],"wp:featuredmedia":[{"embeddable":true,"href":"https:\/\/www.albinfo.at\/fr\/wp-json\/wp\/v2\/media\/568451"}],"wp:attachment":[{"href":"https:\/\/www.albinfo.at\/fr\/wp-json\/wp\/v2\/media?parent=869315"}],"wp:term":[{"taxonomy":"category","embeddable":true,"href":"https:\/\/www.albinfo.at\/fr\/wp-json\/wp\/v2\/categories?post=869315"},{"taxonomy":"post_tag","embeddable":true,"href":"https:\/\/www.albinfo.at\/fr\/wp-json\/wp\/v2\/tags?post=869315"},{"taxonomy":"vendi","embeddable":true,"href":"https:\/\/www.albinfo.at\/fr\/wp-json\/wp\/v2\/vendi?post=869315"},{"taxonomy":"content_country","embeddable":true,"href":"https:\/\/www.albinfo.at\/fr\/wp-json\/wp\/v2\/content_country?post=869315"}],"curies":[{"name":"wp","href":"https:\/\/api.w.org\/{rel}","templated":true}]}}