{"id":869306,"date":"2025-10-22T19:30:39","date_gmt":"2025-10-22T17:30:39","guid":{"rendered":"https:\/\/www.albinfo.ch\/?p=869306"},"modified":"2025-10-23T13:47:21","modified_gmt":"2025-10-23T11:47:21","slug":"on-apprend-que-le-kosovo-pourrait-devenir-le-tout-premier-pays-de-la-region-a-examiner-laccueil-de-migrants-dont-les-demandes-dasile-ont-ete-rejetees-au-royaume%e2%80%91uni-dans-le","status":"publish","type":"post","link":"https:\/\/www.albinfo.at\/fr\/on-apprend-que-le-kosovo-pourrait-devenir-le-tout-premier-pays-de-la-region-a-examiner-laccueil-de-migrants-dont-les-demandes-dasile-ont-ete-rejetees-au-royaume%e2%80%91uni-dans-le\/","title":{"rendered":"\u00ab Le Kosovo pr\u00eat \u00e0 h\u00e9berger les migrants rejet\u00e9s par le Royaume-Uni \u00bb"},"content":{"rendered":"<p data-start=\"0\" data-end=\"235\">Le Kosovo est devenu le premier pays des Balkans occidentaux \u00e0 confirmer publiquement qu\u2019il envisage la construction de centres destin\u00e9s au retour des demandeurs d\u2019asile d\u00e9bout\u00e9s du Royaume-Uni, rapporte albinfo.ch.<\/p>\n<p data-start=\"237\" data-end=\"520\">Le Premier ministre en exercice, Albin Kurti, a d\u00e9clar\u00e9 au journal britannique <em data-start=\"316\" data-end=\"327\">The Times<\/em> que le Kosovo souhaite aider le Royaume-Uni dans la lutte contre l\u2019immigration ill\u00e9gale, en \u00e9change d\u2019un soutien \u00e0 la s\u00e9curit\u00e9 nationale face aux menaces venant de la Serbie et de la Russie.<\/p>\n<p data-start=\"522\" data-end=\"672\">&#8221; Nous consid\u00e9rons cela comme un devoir amical et politique. M\u00eame si nos capacit\u00e9s sont limit\u00e9es, nous sommes pr\u00eats \u00e0 contribuer &#8220;, a affirm\u00e9 Kurti.<\/p>\n<p data-start=\"674\" data-end=\"888\">Les discussions entre les responsables kosovars et britanniques sont en cours, et le sujet devrait \u00e9galement \u00eatre abord\u00e9 lors du sommet des dirigeants des Balkans occidentaux qui se tiendra \u00e0 Londres ce mercredi.<\/p>\n<p data-start=\"890\" data-end=\"1196\">Contrairement au Kosovo, l\u2019Albanie, le Mont\u00e9n\u00e9gro et la Bosnie-Herz\u00e9govine ont rejet\u00e9 la proposition britannique. Le Premier ministre Edi Rama a r\u00e9affirm\u00e9 qu\u2019un tel accord &#8221; n\u2019aura jamais lieu en Albanie &#8220;, tandis que les dirigeants du Mont\u00e9n\u00e9gro et de la Bosnie l\u2019ont jug\u00e9e inappropri\u00e9e pour leurs pays.<\/p>\n<p data-start=\"1198\" data-end=\"1462\">Le Royaume-Uni cherche des partenaires r\u00e9gionaux dans le cadre de sa strat\u00e9gie visant \u00e0 freiner l\u2019immigration ill\u00e9gale par la Manche, o\u00f9 plus de 37 000 travers\u00e9es ont \u00e9t\u00e9 enregistr\u00e9es cette ann\u00e9e\u00a0 une hausse de 30 % par rapport \u00e0 l\u2019an dernier. \/Albinfo.ch<\/p>\n","protected":false},"excerpt":{"rendered":"<p>En \u00e9change d\u2019un soutien en mati\u00e8re de s\u00e9curit\u00e9, le Kosovo pourrait accepter d\u2019accueillir des migrants du Royaume-Uni.<\/p>\n","protected":false},"author":6,"featured_media":869138,"comment_status":"closed","ping_status":"closed","sticky":false,"template":"","format":"standard","meta":{"footnotes":""},"categories":[33083,23271,1160,3949,23277,23270,24620,24630,24634,1159],"tags":[],"vendi":[],"content_country":[31835,31838,31840],"class_list":["post-869306","post","type-post","status-publish","format-standard","has-post-thumbnail","hentry","category-de-balkani-fr","category-kosovo","category-actuel","category-kosova-fr","category-news-fr","category-at-balkani-fr","category-kosova-fr-2","category-nouvelles","category-nouvelles-fr-3","category-ch-balkans","content_country-austria-fr","content_country-germany-fr","content_country-zvicer-fr"],"acf":[],"_links":{"self":[{"href":"https:\/\/www.albinfo.at\/fr\/wp-json\/wp\/v2\/posts\/869306","targetHints":{"allow":["GET"]}}],"collection":[{"href":"https:\/\/www.albinfo.at\/fr\/wp-json\/wp\/v2\/posts"}],"about":[{"href":"https:\/\/www.albinfo.at\/fr\/wp-json\/wp\/v2\/types\/post"}],"author":[{"embeddable":true,"href":"https:\/\/www.albinfo.at\/fr\/wp-json\/wp\/v2\/users\/6"}],"replies":[{"embeddable":true,"href":"https:\/\/www.albinfo.at\/fr\/wp-json\/wp\/v2\/comments?post=869306"}],"version-history":[{"count":2,"href":"https:\/\/www.albinfo.at\/fr\/wp-json\/wp\/v2\/posts\/869306\/revisions"}],"predecessor-version":[{"id":869482,"href":"https:\/\/www.albinfo.at\/fr\/wp-json\/wp\/v2\/posts\/869306\/revisions\/869482"}],"wp:featuredmedia":[{"embeddable":true,"href":"https:\/\/www.albinfo.at\/fr\/wp-json\/wp\/v2\/media\/869138"}],"wp:attachment":[{"href":"https:\/\/www.albinfo.at\/fr\/wp-json\/wp\/v2\/media?parent=869306"}],"wp:term":[{"taxonomy":"category","embeddable":true,"href":"https:\/\/www.albinfo.at\/fr\/wp-json\/wp\/v2\/categories?post=869306"},{"taxonomy":"post_tag","embeddable":true,"href":"https:\/\/www.albinfo.at\/fr\/wp-json\/wp\/v2\/tags?post=869306"},{"taxonomy":"vendi","embeddable":true,"href":"https:\/\/www.albinfo.at\/fr\/wp-json\/wp\/v2\/vendi?post=869306"},{"taxonomy":"content_country","embeddable":true,"href":"https:\/\/www.albinfo.at\/fr\/wp-json\/wp\/v2\/content_country?post=869306"}],"curies":[{"name":"wp","href":"https:\/\/api.w.org\/{rel}","templated":true}]}}