{"id":869268,"date":"2025-10-22T19:02:03","date_gmt":"2025-10-22T17:02:03","guid":{"rendered":"https:\/\/www.albinfo.ch\/?p=869268"},"modified":"2025-10-23T14:02:07","modified_gmt":"2025-10-23T12:02:07","slug":"kreshnik-dreshaj-de-peja-obtient-son-diplome-aux-etats-unis","status":"publish","type":"post","link":"https:\/\/www.albinfo.at\/fr\/kreshnik-dreshaj-de-peja-obtient-son-diplome-aux-etats-unis\/","title":{"rendered":"Kreshnik Dreshaj de Peja obtient son dipl\u00f4me aux \u00c9tats-Unis"},"content":{"rendered":"<p data-start=\"0\" data-end=\"188\">Le capitaine Kreshnik Dreshaj a obtenu son dipl\u00f4me au Cours de carri\u00e8re des capitaines en ing\u00e9nierie militaire \u00e0 Fort Leonard Wood, aux \u00c9tats-Unis, rapporte albinfo.ch.<\/p>\n<p data-start=\"190\" data-end=\"306\">Cette information a \u00e9t\u00e9 rendue publique par la Force de S\u00e9curit\u00e9 du Kosovo \u00e0 travers une publication sur Facebook.<\/p>\n<p data-start=\"308\" data-end=\"478\">Selon cette annonce, la formation \u00e9tait ax\u00e9e sur la pr\u00e9paration de jeunes leaders \u00e0 la planification, la direction et la conduite des op\u00e9rations d\u2019ing\u00e9nierie militaire.<\/p>\n<p data-start=\"480\" data-end=\"617\">&#8221; La FSK renforce ses capacit\u00e9s professionnelles avec l\u2019aide de ses partenaires et selon les plus hauts standards des pays de l\u2019OTAN. &#8220;<\/p>\n","protected":false},"excerpt":{"rendered":"<p>Le capitaine Kreshnik Dreshaj a obtenu son dipl\u00f4me au Cours de carri\u00e8re des capitaines en ing\u00e9nierie militaire \u00e0 Fort Leonard Wood, aux \u00c9tats-Unis, rapporte albinfo.ch. Cette information a \u00e9t\u00e9 rendue publique par la Force de S\u00e9curit\u00e9 du Kosovo \u00e0 travers une publication sur Facebook. Selon cette annonce, la formation \u00e9tait ax\u00e9e sur la pr\u00e9paration de [&hellip;]<\/p>\n","protected":false},"author":6,"featured_media":869113,"comment_status":"closed","ping_status":"closed","sticky":false,"template":"","format":"standard","meta":{"footnotes":""},"categories":[33083,23271,24637,1164,3949,23270,24620,24630,24634,24638,1159,1163],"tags":[],"vendi":[],"content_country":[31835,31838,31840],"class_list":["post-869268","post","type-post","status-publish","format-standard","has-post-thumbnail","hentry","category-de-balkani-fr","category-kosovo","category-nouvelles-fr-4","category-integration-fr","category-kosova-fr","category-at-balkani-fr","category-kosova-fr-2","category-nouvelles","category-nouvelles-fr-3","category-carriere-balkans-fr-2","category-ch-balkans","category-fr-e-diaspora","content_country-austria-fr","content_country-germany-fr","content_country-zvicer-fr"],"acf":[],"_links":{"self":[{"href":"https:\/\/www.albinfo.at\/fr\/wp-json\/wp\/v2\/posts\/869268","targetHints":{"allow":["GET"]}}],"collection":[{"href":"https:\/\/www.albinfo.at\/fr\/wp-json\/wp\/v2\/posts"}],"about":[{"href":"https:\/\/www.albinfo.at\/fr\/wp-json\/wp\/v2\/types\/post"}],"author":[{"embeddable":true,"href":"https:\/\/www.albinfo.at\/fr\/wp-json\/wp\/v2\/users\/6"}],"replies":[{"embeddable":true,"href":"https:\/\/www.albinfo.at\/fr\/wp-json\/wp\/v2\/comments?post=869268"}],"version-history":[{"count":1,"href":"https:\/\/www.albinfo.at\/fr\/wp-json\/wp\/v2\/posts\/869268\/revisions"}],"predecessor-version":[{"id":869269,"href":"https:\/\/www.albinfo.at\/fr\/wp-json\/wp\/v2\/posts\/869268\/revisions\/869269"}],"wp:featuredmedia":[{"embeddable":true,"href":"https:\/\/www.albinfo.at\/fr\/wp-json\/wp\/v2\/media\/869113"}],"wp:attachment":[{"href":"https:\/\/www.albinfo.at\/fr\/wp-json\/wp\/v2\/media?parent=869268"}],"wp:term":[{"taxonomy":"category","embeddable":true,"href":"https:\/\/www.albinfo.at\/fr\/wp-json\/wp\/v2\/categories?post=869268"},{"taxonomy":"post_tag","embeddable":true,"href":"https:\/\/www.albinfo.at\/fr\/wp-json\/wp\/v2\/tags?post=869268"},{"taxonomy":"vendi","embeddable":true,"href":"https:\/\/www.albinfo.at\/fr\/wp-json\/wp\/v2\/vendi?post=869268"},{"taxonomy":"content_country","embeddable":true,"href":"https:\/\/www.albinfo.at\/fr\/wp-json\/wp\/v2\/content_country?post=869268"}],"curies":[{"name":"wp","href":"https:\/\/api.w.org\/{rel}","templated":true}]}}