{"id":868959,"date":"2025-10-21T20:25:23","date_gmt":"2025-10-21T18:25:23","guid":{"rendered":"https:\/\/www.albinfo.ch\/?p=868959"},"modified":"2025-10-23T14:05:33","modified_gmt":"2025-10-23T12:05:33","slug":"mira-murati-est-nommee-citoyenne-dhonneur-de-vlore","status":"publish","type":"post","link":"https:\/\/www.albinfo.at\/fr\/mira-murati-est-nommee-citoyenne-dhonneur-de-vlore\/","title":{"rendered":"Mira Murati est nomm\u00e9e &#8221; Citoyenne d\u2019honneur &#8221; de Vlor\u00eb."},"content":{"rendered":"<p data-start=\"0\" data-end=\"224\">La municipalit\u00e9 de Vlor\u00eb a honor\u00e9 l\u2019ing\u00e9nieure et entrepreneuse albanaise de renomm\u00e9e mondiale pour sa contribution dans le domaine de la technologie et de l\u2019intelligence artificielle, rapporte albinfo.ch.<\/p>\n<p data-start=\"226\" data-end=\"536\">Lors d\u2019une c\u00e9r\u00e9monie solennelle tenue au Th\u00e9\u00e2tre&#8221;\u00ab Petro Marko &#8220;, la municipalit\u00e9 de Vlor\u00eb a d\u00e9cern\u00e9 le titre de \u00ab Citoyenne d\u2019honneur \u00bb \u00e0 l\u2019ing\u00e9nieure et entrepreneuse renomm\u00e9e Mira Murati, l\u2019une des figures albanaises les plus marquantes dans le domaine de la technologie et de l\u2019intelligence artificielle.<\/p>\n<p data-start=\"538\" data-end=\"807\">Murati, qui a dirig\u00e9 la prestigieuse entreprise &#8221; OpenAI &#8221; et qui est actuellement la fondatrice de &#8221; Thinking Machines Lab &#8220;, a \u00e9t\u00e9 r\u00e9compens\u00e9e pour ses r\u00e9alisations dans l\u2019innovation, le leadership et la promotion des valeurs albanaises sur la sc\u00e8ne internationale.<\/p>\n<p data-start=\"809\" data-end=\"1017\">En raison de ses engagements \u00e0 l\u2019\u00e9tranger, Murati n\u2019\u00e9tait pas pr\u00e9sente \u00e0 la c\u00e9r\u00e9monie, et c\u2019est sa m\u00e8re qui a accept\u00e9 le titre en son nom, exprimant l\u2019\u00e9motion et la gratitude de la famille pour cet honneur.<\/p>\n<p data-start=\"1019\" data-end=\"1367\">&#8221; Merci \u00e0 Vlor\u00eb, la ville o\u00f9 Mira est n\u00e9e et a grandi. M\u00eame si elle vit \u00e0 l\u2019\u00e9tranger, elle suit avec grand int\u00e9r\u00eat les d\u00e9veloppements en Albanie et dans sa ville bien-aim\u00e9e. En tant que famille, nous sommes reconnaissants pour cette reconnaissance et nous vous souhaitons plein succ\u00e8s dans votre travail pour le bien de Vlor\u00eb &#8220;, a-t-elle d\u00e9clar\u00e9.<\/p>\n<p data-start=\"1369\" data-end=\"1545\">Aux c\u00f4t\u00e9s de Murati, le c\u00e9l\u00e8bre t\u00e9nor Josif Gjipali a \u00e9galement \u00e9t\u00e9 honor\u00e9 du titre de &#8221; Citoyen d\u2019honneur &#8221; pour sa pr\u00e9cieuse contribution \u00e0 l\u2019art et \u00e0 la culture albanaise.<\/p>\n<p data-start=\"1547\" data-end=\"1766\">La c\u00e9r\u00e9monie a \u00e9t\u00e9 suivie par des responsables locaux, des personnalit\u00e9s de la ville et des citoyens de Vlor\u00eb, qui ont applaudi ces figures ayant honor\u00e9 le nom de leur ville sur les sc\u00e8nes nationale et internationale.<\/p>\n","protected":false},"excerpt":{"rendered":"<p>La municipalit\u00e9 de Vlor\u00eb honore Mira Murati avec le titre de &#8221; Citoyenne d\u2019honneur &#8220;.<\/p>\n","protected":false},"author":6,"featured_media":650242,"comment_status":"closed","ping_status":"closed","sticky":false,"template":"","format":"standard","meta":{"footnotes":""},"categories":[33431,24637,1164,1165,24630,24692,24696,1163],"tags":[],"vendi":[],"content_country":[31835,31838,31840],"class_list":["post-868959","post","type-post","status-publish","format-standard","has-post-thumbnail","hentry","category-kuriozitete-fr","category-nouvelles-fr-4","category-integration-fr","category-femmes","category-nouvelles","category-curiosites","category-autotech-fr","category-fr-e-diaspora","content_country-austria-fr","content_country-germany-fr","content_country-zvicer-fr"],"acf":[],"_links":{"self":[{"href":"https:\/\/www.albinfo.at\/fr\/wp-json\/wp\/v2\/posts\/868959","targetHints":{"allow":["GET"]}}],"collection":[{"href":"https:\/\/www.albinfo.at\/fr\/wp-json\/wp\/v2\/posts"}],"about":[{"href":"https:\/\/www.albinfo.at\/fr\/wp-json\/wp\/v2\/types\/post"}],"author":[{"embeddable":true,"href":"https:\/\/www.albinfo.at\/fr\/wp-json\/wp\/v2\/users\/6"}],"replies":[{"embeddable":true,"href":"https:\/\/www.albinfo.at\/fr\/wp-json\/wp\/v2\/comments?post=868959"}],"version-history":[{"count":1,"href":"https:\/\/www.albinfo.at\/fr\/wp-json\/wp\/v2\/posts\/868959\/revisions"}],"predecessor-version":[{"id":868961,"href":"https:\/\/www.albinfo.at\/fr\/wp-json\/wp\/v2\/posts\/868959\/revisions\/868961"}],"wp:featuredmedia":[{"embeddable":true,"href":"https:\/\/www.albinfo.at\/fr\/wp-json\/wp\/v2\/media\/650242"}],"wp:attachment":[{"href":"https:\/\/www.albinfo.at\/fr\/wp-json\/wp\/v2\/media?parent=868959"}],"wp:term":[{"taxonomy":"category","embeddable":true,"href":"https:\/\/www.albinfo.at\/fr\/wp-json\/wp\/v2\/categories?post=868959"},{"taxonomy":"post_tag","embeddable":true,"href":"https:\/\/www.albinfo.at\/fr\/wp-json\/wp\/v2\/tags?post=868959"},{"taxonomy":"vendi","embeddable":true,"href":"https:\/\/www.albinfo.at\/fr\/wp-json\/wp\/v2\/vendi?post=868959"},{"taxonomy":"content_country","embeddable":true,"href":"https:\/\/www.albinfo.at\/fr\/wp-json\/wp\/v2\/content_country?post=868959"}],"curies":[{"name":"wp","href":"https:\/\/api.w.org\/{rel}","templated":true}]}}