{"id":868889,"date":"2025-10-21T19:17:57","date_gmt":"2025-10-21T17:17:57","guid":{"rendered":"https:\/\/www.albinfo.ch\/?p=868889"},"modified":"2025-10-23T14:08:00","modified_gmt":"2025-10-23T12:08:00","slug":"la-skieuse-colturi-est-prete-a-ecrire-lhistoire-avec-lalbanie","status":"publish","type":"post","link":"https:\/\/www.albinfo.at\/fr\/la-skieuse-colturi-est-prete-a-ecrire-lhistoire-avec-lalbanie\/","title":{"rendered":"La skieuse Colturi est pr\u00eate \u00e0 \u00e9crire l\u2019histoire avec l\u2019Albanie"},"content":{"rendered":"<p data-start=\"0\" data-end=\"255\">La jeune skieuse Lara Colturi, \u00e2g\u00e9e de 18 ans, n\u00e9e en Italie mais repr\u00e9sentant d\u00e9sormais l\u2019Albanie, pourrait devenir la protagoniste d\u2019un moment historique: la premi\u00e8re m\u00e9daille du pays aux Jeux olympiques d\u2019hiver, rapporte albinfo.ch.<\/p>\n<p data-start=\"257\" data-end=\"679\">Colturi poss\u00e8de d\u00e9j\u00e0 une brillante carri\u00e8re en ski alpin, avec deux deuxi\u00e8mes places et une troisi\u00e8me lors de la saison derni\u00e8re, d\u00e9montrant un talent exceptionnel et une grande constance en comp\u00e9tition. En plus de ses qualit\u00e9s techniques, elle est solidement soutenue par sa m\u00e8re et entra\u00eeneuse, Daniela Ceccarelli, championne olympique de Super-G en 2002, ainsi que par son nouvel entra\u00eeneur, Alessandro Schiasselloni.<\/p>\n<p data-start=\"681\" data-end=\"935\">&#8221; Repr\u00e9senter l\u2019Albanie est quelque chose de tr\u00e8s positif. La f\u00e9d\u00e9ration n\u2019a pas une grande tradition dans le ski, mais elle me soutient \u00e9norm\u00e9ment. Je serais tr\u00e8s heureuse si je pouvais inspirer de jeunes skieurs et fans albanais &#8220;, a d\u00e9clar\u00e9 Colturi.<\/p>\n<p data-start=\"937\" data-end=\"1206\">Ses pr\u00e9paratifs estivaux et la collaboration avec une \u00e9quipe de sept entra\u00eeneurs, incluant des conseils de la star du ski Lara Gut-Behrami, ont permis \u00e0 Colturi d\u2019\u00eatre pr\u00eate pour les d\u00e9fis de la prochaine saison, notamment la course d\u2019ouverture \u00e0 S\u00f6lden, en Autriche.<\/p>\n<p data-start=\"1208\" data-end=\"1382\">En dehors du ski, Lara Colturi a \u00e9galement une exp\u00e9rience en patinage artistique, un talent qui, selon elle, l\u2019aide \u00e0 maintenir stabilit\u00e9 et aisance sur les pistes glac\u00e9es.<\/p>\n<p data-start=\"1384\" data-end=\"1603\">Si elle y parvient, Colturi pourrait ouvrir un nouveau chapitre de l\u2019histoire sportive de l\u2019Albanie, en offrant au pays une nouvelle \u00e9toile olympique et en inspirant les futures g\u00e9n\u00e9rations d\u2019athl\u00e8tes albanais. \/Blick<\/p>\n","protected":false},"excerpt":{"rendered":"<p>Blick: Lara Colturi vise la premi\u00e8re m\u00e9daille olympique pour l\u2019Albanie<\/p>\n","protected":false},"author":6,"featured_media":826132,"comment_status":"closed","ping_status":"closed","sticky":false,"template":"","format":"standard","meta":{"footnotes":""},"categories":[33083,23271,24640,23277,23270,24623,24630,24634,1169],"tags":[],"vendi":[],"content_country":[31835,31838,31840],"class_list":["post-868889","post","type-post","status-publish","format-standard","has-post-thumbnail","hentry","category-de-balkani-fr","category-kosovo","category-autres-fr-2","category-news-fr","category-at-balkani-fr","category-albanie-fr","category-nouvelles","category-nouvelles-fr-3","category-sport-fr","content_country-austria-fr","content_country-germany-fr","content_country-zvicer-fr"],"acf":[],"_links":{"self":[{"href":"https:\/\/www.albinfo.at\/fr\/wp-json\/wp\/v2\/posts\/868889","targetHints":{"allow":["GET"]}}],"collection":[{"href":"https:\/\/www.albinfo.at\/fr\/wp-json\/wp\/v2\/posts"}],"about":[{"href":"https:\/\/www.albinfo.at\/fr\/wp-json\/wp\/v2\/types\/post"}],"author":[{"embeddable":true,"href":"https:\/\/www.albinfo.at\/fr\/wp-json\/wp\/v2\/users\/6"}],"replies":[{"embeddable":true,"href":"https:\/\/www.albinfo.at\/fr\/wp-json\/wp\/v2\/comments?post=868889"}],"version-history":[{"count":1,"href":"https:\/\/www.albinfo.at\/fr\/wp-json\/wp\/v2\/posts\/868889\/revisions"}],"predecessor-version":[{"id":868891,"href":"https:\/\/www.albinfo.at\/fr\/wp-json\/wp\/v2\/posts\/868889\/revisions\/868891"}],"wp:featuredmedia":[{"embeddable":true,"href":"https:\/\/www.albinfo.at\/fr\/wp-json\/wp\/v2\/media\/826132"}],"wp:attachment":[{"href":"https:\/\/www.albinfo.at\/fr\/wp-json\/wp\/v2\/media?parent=868889"}],"wp:term":[{"taxonomy":"category","embeddable":true,"href":"https:\/\/www.albinfo.at\/fr\/wp-json\/wp\/v2\/categories?post=868889"},{"taxonomy":"post_tag","embeddable":true,"href":"https:\/\/www.albinfo.at\/fr\/wp-json\/wp\/v2\/tags?post=868889"},{"taxonomy":"vendi","embeddable":true,"href":"https:\/\/www.albinfo.at\/fr\/wp-json\/wp\/v2\/vendi?post=868889"},{"taxonomy":"content_country","embeddable":true,"href":"https:\/\/www.albinfo.at\/fr\/wp-json\/wp\/v2\/content_country?post=868889"}],"curies":[{"name":"wp","href":"https:\/\/api.w.org\/{rel}","templated":true}]}}