{"id":868838,"date":"2025-10-21T15:35:21","date_gmt":"2025-10-21T13:35:21","guid":{"rendered":"https:\/\/www.albinfo.ch\/?p=868838"},"modified":"2025-10-23T14:09:33","modified_gmt":"2025-10-23T12:09:33","slug":"les-slovenes-attendent-un-soutien-important-a-legard-du-kosovo-a-ljubljana","status":"publish","type":"post","link":"https:\/\/www.albinfo.at\/fr\/les-slovenes-attendent-un-soutien-important-a-legard-du-kosovo-a-ljubljana\/","title":{"rendered":"Les Slov\u00e8nes attendent un soutien important \u00e0 l\u2019\u00e9gard du Kosovo \u00e0 Ljubljana."},"content":{"rendered":"<p data-start=\"0\" data-end=\"300\">La F\u00e9d\u00e9ration slov\u00e8ne de football a annonc\u00e9 que tous les billets ont \u00e9t\u00e9 vendus pour le match Slov\u00e9nie &#8211; Kosovo, qui se jouera le 15 novembre \u00e0 l\u2019\u00ab Arena Sto\u017eice \u00bb de Ljubljana. Il s\u2019agit de l\u2019avant-dernier match des qualifications pour la Coupe du monde 2026, rapporte albinfo.ch.<\/p>\n<p data-start=\"302\" data-end=\"724\">Selon le m\u00e9dia slov\u00e8ne <em data-start=\"325\" data-end=\"334\">delo.si<\/em>, un grand int\u00e9r\u00eat est venu de la part des \u00e9migr\u00e9s kosovars en Slov\u00e9nie, qui ont achet\u00e9 la majorit\u00e9 des billets. Les symboles du Kosovo ne seront autoris\u00e9s que dans la tribune r\u00e9serv\u00e9e aux supporters kosovars, tandis qu\u2019ils seront interdits dans le reste du stade. Malgr\u00e9 cela, une ambiance tr\u00e8s anim\u00e9e est attendue, susceptible d\u2019influencer \u00e9galement la performance des joueurs slov\u00e8nes.<\/p>\n<p data-start=\"726\" data-end=\"897\">Pour le Kosovo, un point \u00e0 Ljubljana est n\u00e9cessaire pour assurer la deuxi\u00e8me place du groupe, tandis que le match rev\u00eat \u00e9galement une grande importance pour la Slov\u00e9nie.<\/p>\n","protected":false},"excerpt":{"rendered":"<p>Tous les billets pour le match Slov\u00e9nie &#8211; Kosova sont vendus: une ambiance tr\u00e8s chaude est attendue \u00e0 Ljubljana.<\/p>\n","protected":false},"author":6,"featured_media":867022,"comment_status":"closed","ping_status":"closed","sticky":false,"template":"","format":"standard","meta":{"footnotes":""},"categories":[33083,23271,1160,23275,3949,23277,23270,24620,24630,24634,24671,1159,1169],"tags":[],"vendi":[],"content_country":[31835,31838,31840],"class_list":["post-868838","post","type-post","status-publish","format-standard","has-post-thumbnail","hentry","category-de-balkani-fr","category-kosovo","category-actuel","category-carriere-balkans-fr","category-kosova-fr","category-news-fr","category-at-balkani-fr","category-kosova-fr-2","category-nouvelles","category-nouvelles-fr-3","category-football","category-ch-balkans","category-sport-fr","content_country-austria-fr","content_country-germany-fr","content_country-zvicer-fr"],"acf":[],"_links":{"self":[{"href":"https:\/\/www.albinfo.at\/fr\/wp-json\/wp\/v2\/posts\/868838","targetHints":{"allow":["GET"]}}],"collection":[{"href":"https:\/\/www.albinfo.at\/fr\/wp-json\/wp\/v2\/posts"}],"about":[{"href":"https:\/\/www.albinfo.at\/fr\/wp-json\/wp\/v2\/types\/post"}],"author":[{"embeddable":true,"href":"https:\/\/www.albinfo.at\/fr\/wp-json\/wp\/v2\/users\/6"}],"replies":[{"embeddable":true,"href":"https:\/\/www.albinfo.at\/fr\/wp-json\/wp\/v2\/comments?post=868838"}],"version-history":[{"count":1,"href":"https:\/\/www.albinfo.at\/fr\/wp-json\/wp\/v2\/posts\/868838\/revisions"}],"predecessor-version":[{"id":868839,"href":"https:\/\/www.albinfo.at\/fr\/wp-json\/wp\/v2\/posts\/868838\/revisions\/868839"}],"wp:featuredmedia":[{"embeddable":true,"href":"https:\/\/www.albinfo.at\/fr\/wp-json\/wp\/v2\/media\/867022"}],"wp:attachment":[{"href":"https:\/\/www.albinfo.at\/fr\/wp-json\/wp\/v2\/media?parent=868838"}],"wp:term":[{"taxonomy":"category","embeddable":true,"href":"https:\/\/www.albinfo.at\/fr\/wp-json\/wp\/v2\/categories?post=868838"},{"taxonomy":"post_tag","embeddable":true,"href":"https:\/\/www.albinfo.at\/fr\/wp-json\/wp\/v2\/tags?post=868838"},{"taxonomy":"vendi","embeddable":true,"href":"https:\/\/www.albinfo.at\/fr\/wp-json\/wp\/v2\/vendi?post=868838"},{"taxonomy":"content_country","embeddable":true,"href":"https:\/\/www.albinfo.at\/fr\/wp-json\/wp\/v2\/content_country?post=868838"}],"curies":[{"name":"wp","href":"https:\/\/api.w.org\/{rel}","templated":true}]}}