{"id":868830,"date":"2025-10-21T14:16:56","date_gmt":"2025-10-21T12:16:56","guid":{"rendered":"https:\/\/www.albinfo.ch\/?p=868830"},"modified":"2025-10-23T14:10:37","modified_gmt":"2025-10-23T12:10:37","slug":"la-suede-promeut-le-tourisme-albanais-sur-le-marche-nordique","status":"publish","type":"post","link":"https:\/\/www.albinfo.at\/fr\/la-suede-promeut-le-tourisme-albanais-sur-le-marche-nordique\/","title":{"rendered":"La Su\u00e8de promeut le tourisme albanais sur le march\u00e9 nordique"},"content":{"rendered":"<p data-start=\"0\" data-end=\"266\">En Su\u00e8de, un Bureau du Tourisme intitul\u00e9 &#8221; Albanska Rivieran &#8221; a \u00e9t\u00e9 fond\u00e9 \u00e0 l\u2019initiative de la journaliste Jetmira Mu\u00e7aj, dans le but de promouvoir l\u2019Albanie comme une destination attrayante sur le march\u00e9 su\u00e9dois et nordique, rapporte albinfo.ch.<\/p>\n<p data-start=\"268\" data-end=\"606\">Lors d\u2019une rencontre avec Mu\u00e7aj, le Charg\u00e9 d\u2019affaires de l\u2019Ambassade d\u2019Albanie \u00e0 Stockholm, M. Eno \u00c7ollaku, a soulign\u00e9 l\u2019augmentation significative du nombre de visiteurs su\u00e9dois en Albanie, insistant sur l\u2019importance de la coop\u00e9ration avec ce bureau afin de renforcer la pr\u00e9sence du pays sur la carte touristique de la r\u00e9gion nordique.<\/p>\n<p data-start=\"608\" data-end=\"806\">Cette initiative devrait devenir un point cl\u00e9 pour stimuler l\u2019int\u00e9r\u00eat envers la Riviera albanaise, en combinant la promotion culturelle, naturelle et culinaire du pays sur les march\u00e9s scandinaves.<\/p>\n<p><a href=\"https:\/\/www.facebook.com\/share\/p\/1BpwUN7jPy\/?mibextid=wwXIfr\">https:\/\/www.facebook.com\/share\/p\/1BpwUN7jPy\/?mibextid=wwXIfr<\/a><\/p>\n<p>&nbsp;<\/p>\n","protected":false},"excerpt":{"rendered":"<p>En Su\u00e8de, un Bureau du Tourisme intitul\u00e9 &#8221; Albanska Rivieran &#8221; a \u00e9t\u00e9 fond\u00e9 \u00e0 l\u2019initiative de la journaliste Jetmira Mu\u00e7aj, dans le but de promouvoir l\u2019Albanie comme une destination attrayante sur le march\u00e9 su\u00e9dois et nordique, rapporte albinfo.ch. Lors d\u2019une rencontre avec Mu\u00e7aj, le Charg\u00e9 d\u2019affaires de l\u2019Ambassade d\u2019Albanie \u00e0 Stockholm, M. Eno \u00c7ollaku, [&hellip;]<\/p>\n","protected":false},"author":6,"featured_media":868752,"comment_status":"closed","ping_status":"closed","sticky":false,"template":"","format":"standard","meta":{"footnotes":""},"categories":[33083,23271,3944,23277,18826,23270,24623,24630,24634,1170],"tags":[],"vendi":[],"content_country":[31835,31838,31840],"class_list":["post-868830","post","type-post","status-publish","format-standard","has-post-thumbnail","hentry","category-de-balkani-fr","category-kosovo","category-turizmi-fr","category-news-fr","category-lajme-jeta-ne-zvicer-fr","category-at-balkani-fr","category-albanie-fr","category-nouvelles","category-nouvelles-fr-3","category-vivre-en-suisse","content_country-austria-fr","content_country-germany-fr","content_country-zvicer-fr"],"acf":[],"_links":{"self":[{"href":"https:\/\/www.albinfo.at\/fr\/wp-json\/wp\/v2\/posts\/868830","targetHints":{"allow":["GET"]}}],"collection":[{"href":"https:\/\/www.albinfo.at\/fr\/wp-json\/wp\/v2\/posts"}],"about":[{"href":"https:\/\/www.albinfo.at\/fr\/wp-json\/wp\/v2\/types\/post"}],"author":[{"embeddable":true,"href":"https:\/\/www.albinfo.at\/fr\/wp-json\/wp\/v2\/users\/6"}],"replies":[{"embeddable":true,"href":"https:\/\/www.albinfo.at\/fr\/wp-json\/wp\/v2\/comments?post=868830"}],"version-history":[{"count":1,"href":"https:\/\/www.albinfo.at\/fr\/wp-json\/wp\/v2\/posts\/868830\/revisions"}],"predecessor-version":[{"id":868831,"href":"https:\/\/www.albinfo.at\/fr\/wp-json\/wp\/v2\/posts\/868830\/revisions\/868831"}],"wp:featuredmedia":[{"embeddable":true,"href":"https:\/\/www.albinfo.at\/fr\/wp-json\/wp\/v2\/media\/868752"}],"wp:attachment":[{"href":"https:\/\/www.albinfo.at\/fr\/wp-json\/wp\/v2\/media?parent=868830"}],"wp:term":[{"taxonomy":"category","embeddable":true,"href":"https:\/\/www.albinfo.at\/fr\/wp-json\/wp\/v2\/categories?post=868830"},{"taxonomy":"post_tag","embeddable":true,"href":"https:\/\/www.albinfo.at\/fr\/wp-json\/wp\/v2\/tags?post=868830"},{"taxonomy":"vendi","embeddable":true,"href":"https:\/\/www.albinfo.at\/fr\/wp-json\/wp\/v2\/vendi?post=868830"},{"taxonomy":"content_country","embeddable":true,"href":"https:\/\/www.albinfo.at\/fr\/wp-json\/wp\/v2\/content_country?post=868830"}],"curies":[{"name":"wp","href":"https:\/\/api.w.org\/{rel}","templated":true}]}}