{"id":868711,"date":"2025-10-20T22:12:33","date_gmt":"2025-10-20T20:12:33","guid":{"rendered":"https:\/\/www.albinfo.ch\/?p=868711"},"modified":"2025-10-23T14:14:01","modified_gmt":"2025-10-23T12:14:01","slug":"les-eleves-albanais-lautomne-parle-albanais-a-vienne-avec-des-activites-pedagogiques-educatives-et-culturelles","status":"publish","type":"post","link":"https:\/\/www.albinfo.at\/fr\/les-eleves-albanais-lautomne-parle-albanais-a-vienne-avec-des-activites-pedagogiques-educatives-et-culturelles\/","title":{"rendered":"Les \u00e9l\u00e8ves albanais:&#8221; L\u2019automne parle albanais &#8221; \u00e0 Vienne, avec des activit\u00e9s p\u00e9dagogiques, \u00e9ducatives et culturelles"},"content":{"rendered":"<p data-start=\"0\" data-end=\"240\">Les enfants des cours compl\u00e9mentaires en langue albanaise de l\u2019\u00e9cole &#8221; Schiffschule &#8221; \u00e0 Vienne ont organis\u00e9, le 17 octobre 2025, une activit\u00e9 p\u00e9dagogique, \u00e9ducative et culturelle plac\u00e9e sous le slogan &#8221; L\u2019automne parle &#8220;.<\/p>\n<p data-start=\"242\" data-end=\"696\">Selon le communiqu\u00e9, en plus des \u00e9l\u00e8ves, leurs parents ont \u00e9galement particip\u00e9 activement \u00e0 cette activit\u00e9 sp\u00e9ciale, \u00e0 travers des discussions, des ateliers et des jeux sur le th\u00e8me de l\u2019automne. L\u2019\u00e9v\u00e9nement a d\u00e9but\u00e9 par un cercle d\u2019accueil o\u00f9 les enfants ont partag\u00e9 leurs pens\u00e9es et leurs impressions sur la saison automnale\u00a0 ce qu\u2019elle apporte, comment elle les fait se sentir, et quelles couleurs et senteurs la caract\u00e9risent, rapporte albinfo.at.<\/p>\n<p data-start=\"698\" data-end=\"1038\">Pour renforcer l\u2019exp\u00e9rience \u00e9motionnelle et culturelle, les enfants ont chant\u00e9 ensemble une chanson sur l\u2019automne, exprimant leur joie et leur cr\u00e9ativit\u00e9 \u00e0 travers la musique albanaise. En cl\u00f4ture, tous les participants ont d\u00e9gust\u00e9 une salade de fruits de saison et des jus naturels, terminant l\u2019activit\u00e9 sur une note sucr\u00e9e et souriante.<\/p>\n<p data-start=\"1040\" data-end=\"1431\">&#8221; L\u2019activit\u00e9 n\u2019a pas \u00e9t\u00e9 seulement une heure d\u2019apprentissage, mais une exp\u00e9rience compl\u00e8te qui a rapproch\u00e9 les enfants de la langue, de la culture et de la communaut\u00e9 albanaises. Cela d\u00e9montre que la langue s\u2019apprend plus facilement lorsqu\u2019elle est parl\u00e9e avec amour, et que la culture et l\u2019identit\u00e9 nationale se pr\u00e9servent mieux lorsqu\u2019elles sont v\u00e9cues ensemble &#8220;, indique le communiqu\u00e9.<\/p>\n","protected":false},"excerpt":{"rendered":"<p>Les enfants des cours compl\u00e9mentaires en langue albanaise de l\u2019\u00e9cole &#8221; Schiffschule &#8221; \u00e0 Vienne ont organis\u00e9, le 17 octobre 2025, une activit\u00e9 p\u00e9dagogique, \u00e9ducative et culturelle plac\u00e9e sous le slogan &#8221; L\u2019automne parle &#8220;. Selon le communiqu\u00e9, en plus des \u00e9l\u00e8ves, leurs parents ont \u00e9galement particip\u00e9 activement \u00e0 cette activit\u00e9 sp\u00e9ciale, \u00e0 travers des [&hellip;]<\/p>\n","protected":false},"author":6,"featured_media":868645,"comment_status":"closed","ping_status":"closed","sticky":false,"template":"","format":"standard","meta":{"footnotes":""},"categories":[23271,24637,1164,1166,23270,24630,24633,1163],"tags":[],"vendi":[],"content_country":[31835,31838,31840],"class_list":["post-868711","post","type-post","status-publish","format-standard","has-post-thumbnail","hentry","category-kosovo","category-nouvelles-fr-4","category-integration-fr","category-langues","category-at-balkani-fr","category-nouvelles","category-nouvelles-fr-2","category-fr-e-diaspora","content_country-austria-fr","content_country-germany-fr","content_country-zvicer-fr"],"acf":[],"_links":{"self":[{"href":"https:\/\/www.albinfo.at\/fr\/wp-json\/wp\/v2\/posts\/868711","targetHints":{"allow":["GET"]}}],"collection":[{"href":"https:\/\/www.albinfo.at\/fr\/wp-json\/wp\/v2\/posts"}],"about":[{"href":"https:\/\/www.albinfo.at\/fr\/wp-json\/wp\/v2\/types\/post"}],"author":[{"embeddable":true,"href":"https:\/\/www.albinfo.at\/fr\/wp-json\/wp\/v2\/users\/6"}],"replies":[{"embeddable":true,"href":"https:\/\/www.albinfo.at\/fr\/wp-json\/wp\/v2\/comments?post=868711"}],"version-history":[{"count":1,"href":"https:\/\/www.albinfo.at\/fr\/wp-json\/wp\/v2\/posts\/868711\/revisions"}],"predecessor-version":[{"id":868712,"href":"https:\/\/www.albinfo.at\/fr\/wp-json\/wp\/v2\/posts\/868711\/revisions\/868712"}],"wp:featuredmedia":[{"embeddable":true,"href":"https:\/\/www.albinfo.at\/fr\/wp-json\/wp\/v2\/media\/868645"}],"wp:attachment":[{"href":"https:\/\/www.albinfo.at\/fr\/wp-json\/wp\/v2\/media?parent=868711"}],"wp:term":[{"taxonomy":"category","embeddable":true,"href":"https:\/\/www.albinfo.at\/fr\/wp-json\/wp\/v2\/categories?post=868711"},{"taxonomy":"post_tag","embeddable":true,"href":"https:\/\/www.albinfo.at\/fr\/wp-json\/wp\/v2\/tags?post=868711"},{"taxonomy":"vendi","embeddable":true,"href":"https:\/\/www.albinfo.at\/fr\/wp-json\/wp\/v2\/vendi?post=868711"},{"taxonomy":"content_country","embeddable":true,"href":"https:\/\/www.albinfo.at\/fr\/wp-json\/wp\/v2\/content_country?post=868711"}],"curies":[{"name":"wp","href":"https:\/\/api.w.org\/{rel}","templated":true}]}}