{"id":868687,"date":"2025-10-20T20:47:58","date_gmt":"2025-10-20T18:47:58","guid":{"rendered":"https:\/\/www.albinfo.ch\/?p=868687"},"modified":"2025-10-20T20:49:53","modified_gmt":"2025-10-20T18:49:53","slug":"un-week-end-positif-pour-les-footballeurs-albanais","status":"publish","type":"post","link":"https:\/\/www.albinfo.at\/fr\/un-week-end-positif-pour-les-footballeurs-albanais\/","title":{"rendered":"Un week-end positif pour les footballeurs albanais"},"content":{"rendered":"<p data-start=\"0\" data-end=\"203\">De retour dans leurs clubs respectifs, les internationaux albanais ont poursuivi leurs excellentes performances en \u00e9tant \u00e0 nouveau d\u00e9cisifs ce week-end, entre buts et passes d\u00e9cisives.<\/p>\n<p data-start=\"205\" data-end=\"433\">L\u2019attaquant de l\u2019\u00e9quipe nationale, Rey Manaj, a retrouv\u00e9 le chemin des filets avec Al Sharjah, inscrivant le deuxi\u00e8me but lors de la victoire 2-0 contre Al Dhafra. Il s\u2019agit de son deuxi\u00e8me but de la saison avec le club arabe.<\/p>\n<p data-start=\"435\" data-end=\"712\">Nazmi Gripshi traverse une forme exceptionnelle avec le FC Astana. Lors du succ\u00e8s 5-3 face \u00e0 Aktobe, il a marqu\u00e9 sur penalty, portant son total \u00e0 16 buts cette saison dans le championnat kazakh et prenant la t\u00eate du classement des buteurs, \u00e9crit la FSHF, rapporte albinfo.ch.<\/p>\n<p data-start=\"714\" data-end=\"852\">Jasir Asani a \u00e9galement marqu\u00e9, offrant la victoire \u00e0 Esteghlal FC contre Mes Rafsanjan gr\u00e2ce \u00e0 un but d\u00e9cisif d\u00e8s la 11e minute de jeu.<\/p>\n<p data-start=\"854\" data-end=\"1077\">En Turquie, Arlind Ajeti s\u2019est illustr\u00e9 avec une passe d\u00e9cisive lors du match nul 1-1 de Bodrumspor sur le terrain d\u2019Erokspor. Le d\u00e9fenseur central albanais a parfaitement servi Fredy \u00e0 la 29e minute pour ouvrir le score.<\/p>\n<p data-start=\"1079\" data-end=\"1268\">En Italie, Ylber Ramadani a \u00e9t\u00e9 d\u00e9sign\u00e9 homme du match lors du nul 0-0 entre Lecce et Sassuolo. Le milieu de terrain s\u2019est distingu\u00e9 par sa ma\u00eetrise et son influence au milieu du terrain.<\/p>\n<p data-start=\"1270\" data-end=\"1518\">Moment particulier aussi pour Arb\u00ebr Hoxha, titulaire lors de Dinamo Zagreb &#8211; Osijek, qui a re\u00e7u avant le match le troph\u00e9e de &#8221; Joueur du mois &#8221; dans le championnat croate, r\u00e9compensant ses excellentes performances et sa contribution \u00e0 son \u00e9quipe.<\/p>\n<p data-start=\"1520\" data-end=\"1685\">Autre bonne nouvelle: le retour sur le terrain d\u2019Ardian Ismajli, remis de sa blessure, qui a disput\u00e9 quelques minutes lors de la victoire du Torino contre Naples.<\/p>\n<p data-start=\"1687\" data-end=\"1888\">\u00c9taient \u00e9galement titulaires cette semaine: Thomas Strakosha, Enea Mihaj, Berat Gjimshiti, Medon Berisha, Juljan Shehu, Kristjan Asllani, Qazim La\u00e7i, Adrion Pajaziti, Mirlind Daku et Taulant Seferi.<\/p>\n","protected":false},"excerpt":{"rendered":"<p>Manaj, Gripshi et Asani marquent, Ajeti d\u00e9livre une passe d\u00e9cisive. Ramadani \u00e9lu homme du match, Hoxha d\u00e9sign\u00e9 joueur du mois en Croatie.<\/p>\n","protected":false},"author":6,"featured_media":868578,"comment_status":"closed","ping_status":"closed","sticky":false,"template":"","format":"standard","meta":{"footnotes":""},"categories":[24671,1169,1109],"tags":[],"vendi":[],"content_country":[31835,31838,31840],"class_list":["post-868687","post","type-post","status-publish","format-standard","has-post-thumbnail","hentry","category-football","category-sport-fr","category-non-classifiee","content_country-austria-fr","content_country-germany-fr","content_country-zvicer-fr"],"acf":[],"_links":{"self":[{"href":"https:\/\/www.albinfo.at\/fr\/wp-json\/wp\/v2\/posts\/868687","targetHints":{"allow":["GET"]}}],"collection":[{"href":"https:\/\/www.albinfo.at\/fr\/wp-json\/wp\/v2\/posts"}],"about":[{"href":"https:\/\/www.albinfo.at\/fr\/wp-json\/wp\/v2\/types\/post"}],"author":[{"embeddable":true,"href":"https:\/\/www.albinfo.at\/fr\/wp-json\/wp\/v2\/users\/6"}],"replies":[{"embeddable":true,"href":"https:\/\/www.albinfo.at\/fr\/wp-json\/wp\/v2\/comments?post=868687"}],"version-history":[{"count":1,"href":"https:\/\/www.albinfo.at\/fr\/wp-json\/wp\/v2\/posts\/868687\/revisions"}],"predecessor-version":[{"id":868688,"href":"https:\/\/www.albinfo.at\/fr\/wp-json\/wp\/v2\/posts\/868687\/revisions\/868688"}],"wp:featuredmedia":[{"embeddable":true,"href":"https:\/\/www.albinfo.at\/fr\/wp-json\/wp\/v2\/media\/868578"}],"wp:attachment":[{"href":"https:\/\/www.albinfo.at\/fr\/wp-json\/wp\/v2\/media?parent=868687"}],"wp:term":[{"taxonomy":"category","embeddable":true,"href":"https:\/\/www.albinfo.at\/fr\/wp-json\/wp\/v2\/categories?post=868687"},{"taxonomy":"post_tag","embeddable":true,"href":"https:\/\/www.albinfo.at\/fr\/wp-json\/wp\/v2\/tags?post=868687"},{"taxonomy":"vendi","embeddable":true,"href":"https:\/\/www.albinfo.at\/fr\/wp-json\/wp\/v2\/vendi?post=868687"},{"taxonomy":"content_country","embeddable":true,"href":"https:\/\/www.albinfo.at\/fr\/wp-json\/wp\/v2\/content_country?post=868687"}],"curies":[{"name":"wp","href":"https:\/\/api.w.org\/{rel}","templated":true}]}}