{"id":868658,"date":"2025-10-20T18:35:32","date_gmt":"2025-10-20T16:35:32","guid":{"rendered":"https:\/\/www.albinfo.ch\/?p=868658"},"modified":"2025-10-20T18:36:28","modified_gmt":"2025-10-20T16:36:28","slug":"elections-en-macedoine-qui-a-gagne-et-qui-a-perdu","status":"publish","type":"post","link":"https:\/\/www.albinfo.at\/fr\/elections-en-macedoine-qui-a-gagne-et-qui-a-perdu\/","title":{"rendered":"\u00c9lections en Mac\u00e9doine: qui a gagn\u00e9 et qui a perdu"},"content":{"rendered":"<p data-start=\"0\" data-end=\"169\">Le parti au pouvoir, le VMRO-DPMNE, a proclam\u00e9 une victoire convaincante d\u00e8s le premier tour des \u00e9lections locales du 19 octobre en Mac\u00e9doine du Nord.<\/p>\n<p data-start=\"171\" data-end=\"382\">Le parti dirigera 30 des 80 municipalit\u00e9s du pays et s\u2019attend \u00e0 en remporter une vingtaine d\u2019autres au second tour, y compris la ville de Skopje, o\u00f9 son candidat, Orce Gjorgjievski, dispose d\u2019une large avance.<\/p>\n<p data-start=\"384\" data-end=\"902\">&#8221; Nous avons promis la victoire, nous avons la victoire &#8220;, a d\u00e9clar\u00e9 le Premier ministre et chef du VMRO-DPMNE, Hristijan Mickoski. Il s\u2019est dit satisfait, soulignant que le nombre total de voix obtenues est sup\u00e9rieur \u00e0 celui des pr\u00e9c\u00e9dentes \u00e9lections l\u00e9gislatives et locales. Mickoski a \u00e9galement confirm\u00e9 qu\u2019il n\u2019avait pas l\u2019intention de convoquer d\u2019\u00e9lections l\u00e9gislatives anticip\u00e9es malgr\u00e9 les pressions de l\u2019opposition issue du BDI, affirmant que &#8221; les politiques fond\u00e9es sur l\u2019ethnocentrisme ont \u00e9t\u00e9 vaincues &#8220;.<\/p>\n<p data-start=\"904\" data-end=\"1305\">Le parti d\u2019opposition, le SDSM, a de nouveau subi une d\u00e9faite apr\u00e8s celles des \u00e9lections parlementaires et pr\u00e9sidentielles de l\u2019ann\u00e9e derni\u00e8re. Cependant, la formation a estim\u00e9 que le r\u00e9sultat n\u2019\u00e9tait pas mauvais, ayant obtenu davantage de voix dans certaines municipalit\u00e9s, et a d\u00e9nonc\u00e9 &#8221; de nombreuses irr\u00e9gularit\u00e9s &#8221; pendant le processus \u00e9lectoral, rapporte <em data-start=\"1265\" data-end=\"1284\">Radio Free Europe<\/em>, \u00e9crit albinfo.ch.<\/p>\n<p data-start=\"1307\" data-end=\"1659\">Le SDSM dirigera les municipalit\u00e9s de Kriva Palanka, Bogdanci et Krivoga\u0161tani, et devrait participer au second tour dans une vingtaine d\u2019autres communes. &#8221; C\u2019est la preuve du processus de consolidation interne qui a commenc\u00e9 et que nous poursuivrons &#8220;, a d\u00e9clar\u00e9 le chef du SDSM, Venko Filip\u010de, ajoutant qu\u2019il n\u2019avait pas l\u2019intention de d\u00e9missionner.<\/p>\n<p data-start=\"1661\" data-end=\"1737\"><strong data-start=\"1661\" data-end=\"1735\">VLEN remporte \u00e0 \u010cair et Tetovo, tandis que le BDI l\u2019emporte \u00e0 Gostivar<\/strong><\/p>\n<p data-start=\"1739\" data-end=\"2212\">Dans le bloc politique albanais, le candidat de VLEN, Izet Mexhiti, a remport\u00e9 une victoire nette dans la municipalit\u00e9 cl\u00e9 de \u010cair, tandis que Bilal Kasami s\u2019est impos\u00e9 \u00e0 Tetovo. Au premier tour, la coalition a \u00e9galement gagn\u00e9 dans quatre autres municipalit\u00e9s. Pour Mexhiti, il s\u2019agit de son quatri\u00e8me mandat en tant que maire, et il devra quitter son poste actuel de ministre apr\u00e8s avoir battu l\u2019ancien ministre du BDI, Bujar Osmani, qui lui a f\u00e9licit\u00e9 pour sa victoire.<\/p>\n<p data-start=\"2214\" data-end=\"2614\">Les membres et sympathisants de VLEN ont c\u00e9l\u00e9br\u00e9, comme ils l\u2019ont d\u00e9clar\u00e9, &#8221; la victoire \u00e9clatante \u00e0 \u010cair et Tetovo &#8221; pr\u00e8s du monument de Skanderbeg dans la vieille ville.<br data-start=\"2385\" data-end=\"2388\" \/>La coalition <em data-start=\"2401\" data-end=\"2440\">Alliance nationale pour l\u2019int\u00e9gration<\/em> (ANI), dirig\u00e9e par le BDI, a remport\u00e9 les \u00e9lections municipales \u00e0 Gostivar, Likova, \u010ca\u0161ka et Plasnica d\u00e8s le premier tour, a annonc\u00e9 le vice-pr\u00e9sident du BDI, Arb\u00ebr Ademi.<\/p>\n<p data-start=\"2616\" data-end=\"2814\">Il a d\u00e9clar\u00e9 qu\u2019\u00e0 l\u2019\u00e9chelle nationale, &#8221; l\u2019ANI est le vainqueur absolu avec plus de 20 000 voix d\u2019avance, et avec les votes encore en cours de d\u00e9pouillement, cet \u00e9cart pourrait encore s\u2019\u00e9largir &#8220;.<\/p>\n<p data-start=\"2816\" data-end=\"3000\">La journ\u00e9e \u00e9lectorale s\u2019est d\u00e9roul\u00e9e calmement et sans incidents majeurs. Les attentes des citoyens restent similaires : une vie meilleure dans des municipalit\u00e9s plus fonctionnelles.<\/p>\n<p data-start=\"3002\" data-end=\"3188\">La Commission \u00e9lectorale d\u2019\u00c9tat a indiqu\u00e9 qu\u2019\u00e0 18h30, la participation des \u00e9lecteurs atteignait 46,48 %, un chiffre proche de celui du premier tour des \u00e9lections pr\u00e9c\u00e9dentes (51,44 %).<\/p>\n<p data-start=\"3190\" data-end=\"3266\">Selon les listes \u00e9lectorales, 1 832 415 citoyens avaient le droit de vote.<\/p>\n<p data-start=\"3268\" data-end=\"3578\">Pour les 81 postes de maires, 309 candidats \u00e9taient en lice, tandis que plus de 10 490 candidats issus de 576 listes se sont pr\u00e9sent\u00e9s pour les conseils municipaux. Une particularit\u00e9 de ces \u00e9lections : les hommes dominent la course aux mairies\u00a0 277 candidats (89,64 %), contre seulement 32 femmes (10,36 %).<\/p>\n<p data-start=\"3580\" data-end=\"3770\">Le budget total allou\u00e9 par l\u2019\u00c9tat pour l\u2019organisation de ces \u00e9lections locales s\u2019\u00e9l\u00e8ve \u00e0 9,76 millions d\u2019euros, dont les deux tiers ont \u00e9t\u00e9 destin\u00e9s aux m\u00e9dias et \u00e0 la publicit\u00e9 politique.<\/p>\n<p data-start=\"3772\" data-end=\"3832\">Le second tour des \u00e9lections est pr\u00e9vu pour le 2 novembre.<\/p>\n","protected":false},"excerpt":{"rendered":"<p>Pour les 81 postes de maires, 309 candidats \u00e9taient en lice, tandis que plus de 10 490 candidats issus de 576 listes se sont pr\u00e9sent\u00e9s pour les si\u00e8ges des conseils municipaux.<\/p>\n","protected":false},"author":6,"featured_media":868568,"comment_status":"closed","ping_status":"closed","sticky":false,"template":"","format":"standard","meta":{"footnotes":""},"categories":[24627,1159,1109],"tags":[],"vendi":[],"content_country":[31835,31838,31840],"class_list":["post-868658","post","type-post","status-publish","format-standard","has-post-thumbnail","hentry","category-macedoine-du-nord-fr-2","category-ch-balkans","category-non-classifiee","content_country-austria-fr","content_country-germany-fr","content_country-zvicer-fr"],"acf":[],"_links":{"self":[{"href":"https:\/\/www.albinfo.at\/fr\/wp-json\/wp\/v2\/posts\/868658","targetHints":{"allow":["GET"]}}],"collection":[{"href":"https:\/\/www.albinfo.at\/fr\/wp-json\/wp\/v2\/posts"}],"about":[{"href":"https:\/\/www.albinfo.at\/fr\/wp-json\/wp\/v2\/types\/post"}],"author":[{"embeddable":true,"href":"https:\/\/www.albinfo.at\/fr\/wp-json\/wp\/v2\/users\/6"}],"replies":[{"embeddable":true,"href":"https:\/\/www.albinfo.at\/fr\/wp-json\/wp\/v2\/comments?post=868658"}],"version-history":[{"count":1,"href":"https:\/\/www.albinfo.at\/fr\/wp-json\/wp\/v2\/posts\/868658\/revisions"}],"predecessor-version":[{"id":868659,"href":"https:\/\/www.albinfo.at\/fr\/wp-json\/wp\/v2\/posts\/868658\/revisions\/868659"}],"wp:featuredmedia":[{"embeddable":true,"href":"https:\/\/www.albinfo.at\/fr\/wp-json\/wp\/v2\/media\/868568"}],"wp:attachment":[{"href":"https:\/\/www.albinfo.at\/fr\/wp-json\/wp\/v2\/media?parent=868658"}],"wp:term":[{"taxonomy":"category","embeddable":true,"href":"https:\/\/www.albinfo.at\/fr\/wp-json\/wp\/v2\/categories?post=868658"},{"taxonomy":"post_tag","embeddable":true,"href":"https:\/\/www.albinfo.at\/fr\/wp-json\/wp\/v2\/tags?post=868658"},{"taxonomy":"vendi","embeddable":true,"href":"https:\/\/www.albinfo.at\/fr\/wp-json\/wp\/v2\/vendi?post=868658"},{"taxonomy":"content_country","embeddable":true,"href":"https:\/\/www.albinfo.at\/fr\/wp-json\/wp\/v2\/content_country?post=868658"}],"curies":[{"name":"wp","href":"https:\/\/api.w.org\/{rel}","templated":true}]}}