{"id":868345,"date":"2025-10-18T22:02:28","date_gmt":"2025-10-18T20:02:28","guid":{"rendered":"https:\/\/www.albinfo.ch\/?p=868345"},"modified":"2025-10-19T00:03:11","modified_gmt":"2025-10-18T22:03:11","slug":"in-between-lexposition-de-lartiste-kosovare-albana-ejupi-a-vienne","status":"publish","type":"post","link":"https:\/\/www.albinfo.at\/fr\/in-between-lexposition-de-lartiste-kosovare-albana-ejupi-a-vienne\/","title":{"rendered":"&#8221; In Between &#8220;, l\u2019exposition de l\u2019artiste kosovare Albana Ejupi, \u00e0 Vienne"},"content":{"rendered":"<p data-start=\"0\" data-end=\"144\">\u00c0 la Lukas Feichtner Galerie \u00e0 Vienne est ouverte l\u2019exposition personnelle &#8221; In Between &#8221; de l\u2019artiste kosovare Albana Ejupi.<\/p>\n<p data-start=\"146\" data-end=\"405\">Lors du vernissage, \u00e9taient pr\u00e9sents Albinot Bimbashi, charg\u00e9 d\u2019affaires \u00e0 l\u2019Ambassade de la R\u00e9publique du Kosovo en Autriche, l\u2019ambassadeur de la R\u00e9publique d\u2019Albanie en Autriche, Fate Velaj, ainsi que Marigon\u00eb Vrajolli, deuxi\u00e8me secr\u00e9taire de l\u2019Ambassade.<\/p>\n<p data-start=\"407\" data-end=\"940\">&#8221; Dans cette exposition, Ejupi combine peinture et sculpture dans un dialogue constant entre mat\u00e9rialit\u00e9 et corps. Elle utilise le sable rapport\u00e9 du Kosovo comme \u00e9l\u00e9ment central de ses \u0153uvres, un mat\u00e9riau porteur de m\u00e9moire, d\u2019origine et de transformation. Cette s\u00e9rie s\u2019intitule \u201cIn Between\u201d car elle existe pr\u00e9cis\u00e9ment dans cet espace interm\u00e9diaire : entre peinture et sculpture, image et objet, surface et forme, soi et l\u2019autre &#8220;, indique le communiqu\u00e9 de l\u2019Ambassade de la R\u00e9publique du Kosovo en Autriche, rapporte albinfo.at.<\/p>\n<p><a href=\"https:\/\/www.albinfo.ch\/wp-content\/uploads\/2025\/10\/562318849_1178388501014625_3085131288748835219_n-1.jpg\"><img loading=\"lazy\" decoding=\"async\" class=\"alignnone size-large wp-image-868263\" src=\"https:\/\/www.albinfo.ch\/wp-content\/uploads\/2025\/10\/562318849_1178388501014625_3085131288748835219_n-1-768x1024.jpg\" alt=\"\" width=\"640\" height=\"853\" srcset=\"https:\/\/www.albinfo.at\/wp-content\/uploads\/2025\/10\/562318849_1178388501014625_3085131288748835219_n-1-768x1024.jpg 768w, https:\/\/www.albinfo.at\/wp-content\/uploads\/2025\/10\/562318849_1178388501014625_3085131288748835219_n-1-225x300.jpg 225w, https:\/\/www.albinfo.at\/wp-content\/uploads\/2025\/10\/562318849_1178388501014625_3085131288748835219_n-1-1152x1536.jpg 1152w, https:\/\/www.albinfo.at\/wp-content\/uploads\/2025\/10\/562318849_1178388501014625_3085131288748835219_n-1-297x396.jpg 297w, https:\/\/www.albinfo.at\/wp-content\/uploads\/2025\/10\/562318849_1178388501014625_3085131288748835219_n-1-75x100.jpg 75w, https:\/\/www.albinfo.at\/wp-content\/uploads\/2025\/10\/562318849_1178388501014625_3085131288748835219_n-1-131x175.jpg 131w, https:\/\/www.albinfo.at\/wp-content\/uploads\/2025\/10\/562318849_1178388501014625_3085131288748835219_n-1.jpg 1536w\" sizes=\"auto, (max-width: 640px) 100vw, 640px\" \/><\/a><\/p>\n<div class=\"x14z9mp xat24cr x1lziwak x1vvkbs xtlvy1s x126k92a\"><\/div>\n","protected":false},"excerpt":{"rendered":"<p>\u00c0 la Lukas Feichtner Galerie \u00e0 Vienne est ouverte l\u2019exposition personnelle &#8221; In Between &#8221; de l\u2019artiste kosovare Albana Ejupi. Lors du vernissage, \u00e9taient pr\u00e9sents Albinot Bimbashi, charg\u00e9 d\u2019affaires \u00e0 l\u2019Ambassade de la R\u00e9publique du Kosovo en Autriche, l\u2019ambassadeur de la R\u00e9publique d\u2019Albanie en Autriche, Fate Velaj, ainsi que Marigon\u00eb Vrajolli, deuxi\u00e8me secr\u00e9taire de l\u2019Ambassade. [&hellip;]<\/p>\n","protected":false},"author":6,"featured_media":868261,"comment_status":"closed","ping_status":"closed","sticky":false,"template":"","format":"standard","meta":{"footnotes":""},"categories":[24668,24630,1168,1109],"tags":[],"vendi":[],"content_country":[31835,31838,31840],"class_list":["post-868345","post","type-post","status-publish","format-standard","has-post-thumbnail","hentry","category-exposition","category-nouvelles","category-culture","category-non-classifiee","content_country-austria-fr","content_country-germany-fr","content_country-zvicer-fr"],"acf":[],"_links":{"self":[{"href":"https:\/\/www.albinfo.at\/fr\/wp-json\/wp\/v2\/posts\/868345","targetHints":{"allow":["GET"]}}],"collection":[{"href":"https:\/\/www.albinfo.at\/fr\/wp-json\/wp\/v2\/posts"}],"about":[{"href":"https:\/\/www.albinfo.at\/fr\/wp-json\/wp\/v2\/types\/post"}],"author":[{"embeddable":true,"href":"https:\/\/www.albinfo.at\/fr\/wp-json\/wp\/v2\/users\/6"}],"replies":[{"embeddable":true,"href":"https:\/\/www.albinfo.at\/fr\/wp-json\/wp\/v2\/comments?post=868345"}],"version-history":[{"count":1,"href":"https:\/\/www.albinfo.at\/fr\/wp-json\/wp\/v2\/posts\/868345\/revisions"}],"predecessor-version":[{"id":868346,"href":"https:\/\/www.albinfo.at\/fr\/wp-json\/wp\/v2\/posts\/868345\/revisions\/868346"}],"wp:featuredmedia":[{"embeddable":true,"href":"https:\/\/www.albinfo.at\/fr\/wp-json\/wp\/v2\/media\/868261"}],"wp:attachment":[{"href":"https:\/\/www.albinfo.at\/fr\/wp-json\/wp\/v2\/media?parent=868345"}],"wp:term":[{"taxonomy":"category","embeddable":true,"href":"https:\/\/www.albinfo.at\/fr\/wp-json\/wp\/v2\/categories?post=868345"},{"taxonomy":"post_tag","embeddable":true,"href":"https:\/\/www.albinfo.at\/fr\/wp-json\/wp\/v2\/tags?post=868345"},{"taxonomy":"vendi","embeddable":true,"href":"https:\/\/www.albinfo.at\/fr\/wp-json\/wp\/v2\/vendi?post=868345"},{"taxonomy":"content_country","embeddable":true,"href":"https:\/\/www.albinfo.at\/fr\/wp-json\/wp\/v2\/content_country?post=868345"}],"curies":[{"name":"wp","href":"https:\/\/api.w.org\/{rel}","templated":true}]}}