{"id":868100,"date":"2025-10-17T22:10:51","date_gmt":"2025-10-17T20:10:51","guid":{"rendered":"https:\/\/www.albinfo.ch\/?p=868100"},"modified":"2025-10-17T22:11:34","modified_gmt":"2025-10-17T20:11:34","slug":"barcelone-suit-de-pres-fisnik-asllani-la-star-kosovare-en-route-vers-lespagne","status":"publish","type":"post","link":"https:\/\/www.albinfo.at\/fr\/barcelone-suit-de-pres-fisnik-asllani-la-star-kosovare-en-route-vers-lespagne\/","title":{"rendered":"Barcelone suit de pr\u00e8s Fisnik Asllani, la star kosovare en route vers l\u2019Espagne"},"content":{"rendered":"<p data-start=\"0\" data-end=\"185\">Le FC Barcelone surveille de pr\u00e8s l\u2019attaquant kosovar Fisnik Asllani, a rapport\u00e9 jeudi soir le journaliste de &#8221; SkySport &#8221; en Allemagne, Florian, rapporte albinfo.ch.<\/p>\n<p data-start=\"187\" data-end=\"331\">Comme l\u2019a \u00e9crit Plettenberg sur X, le joueur de 23 ans dispose d\u2019une clause lib\u00e9ratoire avec son club actuel, Hoffenheim, pour l\u2019\u00e9t\u00e9 prochain.<\/p>\n<p data-start=\"333\" data-end=\"377\">&#8221; Barcelone est inform\u00e9 &#8220;, a-t-il indiqu\u00e9.<\/p>\n<p data-start=\"379\" data-end=\"562\">Plettenberg ajoute \u00e9galement que &#8221; le transfert vers un grand club europ\u00e9en est enti\u00e8rement planifi\u00e9 et que le prochain club d\u2019Asllani devrait participer \u00e0 la Ligue des champions &#8220;.<\/p>\n<p data-start=\"564\" data-end=\"699\">&#8221; Mon club de r\u00eave a toujours \u00e9t\u00e9 Barcelone. J\u2019ai toujours voulu y jouer &#8220;, a d\u00e9clar\u00e9 Asllani il y a quelques jours \u00e0 &#8221; Sport Bild &#8220;.<\/p>\n<p data-start=\"701\" data-end=\"1128\">Lors de la saison actuelle, Asllani a disput\u00e9 six matchs de Bundesliga. Il a inscrit quatre buts et d\u00e9livr\u00e9 une passe d\u00e9cisive. Il a \u00e9galement marqu\u00e9 r\u00e9cemment le but historique lors de la victoire du Kosovo en d\u00e9placement face \u00e0 la Su\u00e8de, rapprochant ainsi son \u00e9quipe de la grande opportunit\u00e9 de qualification pour les barrages du Mondial 2026. Avec le Kosovo, dans ces qualifications, il compte un but en trois apparitions.<\/p>\n<p class=\"p1\">\n","protected":false},"excerpt":{"rendered":"<p>Le journaliste de &#8221; SkySport &#8221; en Allemagne: le Bar\u00e7a surveille de pr\u00e8s Asllani<\/p>\n","protected":false},"author":6,"featured_media":867022,"comment_status":"closed","ping_status":"closed","sticky":false,"template":"","format":"standard","meta":{"footnotes":""},"categories":[24630,24671,1169,1109],"tags":[],"vendi":[],"content_country":[31835,31838,31840],"class_list":["post-868100","post","type-post","status-publish","format-standard","has-post-thumbnail","hentry","category-nouvelles","category-football","category-sport-fr","category-non-classifiee","content_country-austria-fr","content_country-germany-fr","content_country-zvicer-fr"],"acf":[],"_links":{"self":[{"href":"https:\/\/www.albinfo.at\/fr\/wp-json\/wp\/v2\/posts\/868100","targetHints":{"allow":["GET"]}}],"collection":[{"href":"https:\/\/www.albinfo.at\/fr\/wp-json\/wp\/v2\/posts"}],"about":[{"href":"https:\/\/www.albinfo.at\/fr\/wp-json\/wp\/v2\/types\/post"}],"author":[{"embeddable":true,"href":"https:\/\/www.albinfo.at\/fr\/wp-json\/wp\/v2\/users\/6"}],"replies":[{"embeddable":true,"href":"https:\/\/www.albinfo.at\/fr\/wp-json\/wp\/v2\/comments?post=868100"}],"version-history":[{"count":1,"href":"https:\/\/www.albinfo.at\/fr\/wp-json\/wp\/v2\/posts\/868100\/revisions"}],"predecessor-version":[{"id":868101,"href":"https:\/\/www.albinfo.at\/fr\/wp-json\/wp\/v2\/posts\/868100\/revisions\/868101"}],"wp:featuredmedia":[{"embeddable":true,"href":"https:\/\/www.albinfo.at\/fr\/wp-json\/wp\/v2\/media\/867022"}],"wp:attachment":[{"href":"https:\/\/www.albinfo.at\/fr\/wp-json\/wp\/v2\/media?parent=868100"}],"wp:term":[{"taxonomy":"category","embeddable":true,"href":"https:\/\/www.albinfo.at\/fr\/wp-json\/wp\/v2\/categories?post=868100"},{"taxonomy":"post_tag","embeddable":true,"href":"https:\/\/www.albinfo.at\/fr\/wp-json\/wp\/v2\/tags?post=868100"},{"taxonomy":"vendi","embeddable":true,"href":"https:\/\/www.albinfo.at\/fr\/wp-json\/wp\/v2\/vendi?post=868100"},{"taxonomy":"content_country","embeddable":true,"href":"https:\/\/www.albinfo.at\/fr\/wp-json\/wp\/v2\/content_country?post=868100"}],"curies":[{"name":"wp","href":"https:\/\/api.w.org\/{rel}","templated":true}]}}