{"id":867546,"date":"2025-10-15T20:44:26","date_gmt":"2025-10-15T18:44:26","guid":{"rendered":"https:\/\/www.albinfo.ch\/?p=867546"},"modified":"2025-10-15T20:45:15","modified_gmt":"2025-10-15T18:45:15","slug":"duka-le-kosovo-merite-de-participer-a-la-coupe-du-monde-gjermanisht","status":"publish","type":"post","link":"https:\/\/www.albinfo.at\/fr\/duka-le-kosovo-merite-de-participer-a-la-coupe-du-monde-gjermanisht\/","title":{"rendered":"Duka : Le Kosovo m\u00e9rite de participer \u00e0 la Coupe du monde  Gjermanisht:"},"content":{"rendered":"<p data-start=\"0\" data-end=\"224\">Le pr\u00e9sident de la F\u00e9d\u00e9ration albanaise de football, Armand Duka, a d\u00e9clar\u00e9 que le Kosovo m\u00e9rite de participer \u00e0 la Coupe du monde qui se tiendra l\u2019ann\u00e9e prochaine aux \u00c9tats-Unis, au Mexique et au Canada.<\/p>\n<p data-start=\"226\" data-end=\"423\">Duka a soulign\u00e9 que les deux victoires du Kosovo contre la Su\u00e8de \u00e9taient pleinement m\u00e9rit\u00e9es. Il a accord\u00e9 une interview \u00e0 \u00ab Euronews Albania \u00bb, publi\u00e9e mercredi par la FSHF, rapporte albinfo.ch.<\/p>\n<p data-start=\"425\" data-end=\"717\">&#8221; Le Kosovo poss\u00e8de des footballeurs de grande qualit\u00e9. Ce n\u2019est pas du tout une surprise qu\u2019il ait remport\u00e9 les deux matchs. Il a amplement m\u00e9rit\u00e9 la victoire lors du premier match \u00e0 Pristina, tout comme celle d\u2019hier soir, et il m\u00e9rite d\u2019\u00eatre pr\u00e9sent \u00e0 la Coupe du monde &#8220;, a d\u00e9clar\u00e9 Duka.<\/p>\n<p data-start=\"719\" data-end=\"860\">Actuellement, tant le Kosovo que l\u2019Albanie occupent la deuxi\u00e8me place de leurs groupes respectifs, ce qui leur assure une place en barrage.<\/p>\n<p data-start=\"862\" data-end=\"1015\">&#8220;Ce serait fantastique si nous pouvions soutenir deux s\u00e9lections nationales. Mais m\u00eame si une seule se qualifie, nous serons heureux &#8220;, a ajout\u00e9 Duka.<\/p>\n<p data-start=\"1017\" data-end=\"1584\">Il a \u00e9galement pr\u00e9cis\u00e9 que Rey Manaj n\u2019avait pas \u00e9t\u00e9 sanctionn\u00e9 pour avoir c\u00e9l\u00e9br\u00e9 avec le geste de l\u2019aigle. &#8221; C\u2019est une grande exag\u00e9ration de dire que Rey Manaj a re\u00e7u un carton pour avoir fait le geste de l\u2019aigle. Ce n\u2019est pas vrai. Manaj a \u00e9t\u00e9 averti parce qu\u2019il est all\u00e9 f\u00eater son but devant le banc de l\u2019\u00e9quipe adverse, ce qui est consid\u00e9r\u00e9 comme une provocation. On peut faire le geste de l\u2019aigle du matin au soir sans \u00eatre p\u00e9nalis\u00e9. Je suis tr\u00e8s heureux du r\u00e9sultat, de ce qui s\u2019est pass\u00e9 sur le terrain, du but et de la c\u00e9l\u00e9bration de Rei &#8220;, a-t-il pr\u00e9cis\u00e9.<\/p>\n<p data-start=\"1586\" data-end=\"2837\">Duka a \u00e9galement comment\u00e9 les insultes entendues contre les Albanais lors du match \u00e0 Leskovac, affirmant qu\u2019il n\u2019y a pas beaucoup de diff\u00e9rence entre l\u2019Albanie et la Serbie \u00e0 cet \u00e9gard. &#8221; Les insultes ont malheureusement accompagn\u00e9 nos confrontations avec la Serbie, que ce soit \u00e0 Tirana ou en Serbie. M\u00eame lors des matchs o\u00f9 nous ne jouons pas contre la Serbie, nos propres chants ne sont pas plus bienveillants que les leurs ; c\u2019est pareil pour la partie serbe. Les institutions du football, comme la FSHF et la F\u00e9d\u00e9ration serbe, tout comme les deux \u00e9quipes nationales, se distancient compl\u00e8tement de ces comportements et ne les approuvent pas. Le football doit rester un jeu, une comp\u00e9tition qui cr\u00e9e des ponts de communication et non des divisions. C\u2019est tr\u00e8s regrettable que ces chants existent, mais il n\u2019est pas vrai que certains soient favoris\u00e9s et d\u2019autres p\u00e9nalis\u00e9s, car malheureusement, on a entendu les m\u00eames choses hier lors du match entre le Kosovo et la Su\u00e8de, et m\u00eame lors de matchs contre Andorre ou la G\u00e9orgie. Je pense que le match entre l\u2019Albanie et la Serbie a n\u00e9anmoins apport\u00e9 une certaine contribution positive pour favoriser un regard plus \u00e9quilibr\u00e9 et une approche plus mature des choses &#8220;, a conclu Duka. \/Albinfo.ch<\/p>\n","protected":false},"excerpt":{"rendered":"<p>Armand Duka a soulign\u00e9 que les deux victoires du Kosovo contre la Su\u00e8de \u00e9taient m\u00e9rit\u00e9es<\/p>\n","protected":false},"author":6,"featured_media":776218,"comment_status":"closed","ping_status":"closed","sticky":false,"template":"","format":"standard","meta":{"footnotes":""},"categories":[24671,1169,1109],"tags":[],"vendi":[],"content_country":[31835,31838,31840],"class_list":["post-867546","post","type-post","status-publish","format-standard","has-post-thumbnail","hentry","category-football","category-sport-fr","category-non-classifiee","content_country-austria-fr","content_country-germany-fr","content_country-zvicer-fr"],"acf":[],"_links":{"self":[{"href":"https:\/\/www.albinfo.at\/fr\/wp-json\/wp\/v2\/posts\/867546","targetHints":{"allow":["GET"]}}],"collection":[{"href":"https:\/\/www.albinfo.at\/fr\/wp-json\/wp\/v2\/posts"}],"about":[{"href":"https:\/\/www.albinfo.at\/fr\/wp-json\/wp\/v2\/types\/post"}],"author":[{"embeddable":true,"href":"https:\/\/www.albinfo.at\/fr\/wp-json\/wp\/v2\/users\/6"}],"replies":[{"embeddable":true,"href":"https:\/\/www.albinfo.at\/fr\/wp-json\/wp\/v2\/comments?post=867546"}],"version-history":[{"count":2,"href":"https:\/\/www.albinfo.at\/fr\/wp-json\/wp\/v2\/posts\/867546\/revisions"}],"predecessor-version":[{"id":867548,"href":"https:\/\/www.albinfo.at\/fr\/wp-json\/wp\/v2\/posts\/867546\/revisions\/867548"}],"wp:featuredmedia":[{"embeddable":true,"href":"https:\/\/www.albinfo.at\/fr\/wp-json\/wp\/v2\/media\/776218"}],"wp:attachment":[{"href":"https:\/\/www.albinfo.at\/fr\/wp-json\/wp\/v2\/media?parent=867546"}],"wp:term":[{"taxonomy":"category","embeddable":true,"href":"https:\/\/www.albinfo.at\/fr\/wp-json\/wp\/v2\/categories?post=867546"},{"taxonomy":"post_tag","embeddable":true,"href":"https:\/\/www.albinfo.at\/fr\/wp-json\/wp\/v2\/tags?post=867546"},{"taxonomy":"vendi","embeddable":true,"href":"https:\/\/www.albinfo.at\/fr\/wp-json\/wp\/v2\/vendi?post=867546"},{"taxonomy":"content_country","embeddable":true,"href":"https:\/\/www.albinfo.at\/fr\/wp-json\/wp\/v2\/content_country?post=867546"}],"curies":[{"name":"wp","href":"https:\/\/api.w.org\/{rel}","templated":true}]}}