{"id":867537,"date":"2025-10-15T20:30:49","date_gmt":"2025-10-15T18:30:49","guid":{"rendered":"https:\/\/www.albinfo.ch\/?p=867537"},"modified":"2025-10-15T20:33:13","modified_gmt":"2025-10-15T18:33:13","slug":"nous-pouvons-aller-a-la-coupe-du-monde-declare-sylvinho","status":"publish","type":"post","link":"https:\/\/www.albinfo.at\/fr\/nous-pouvons-aller-a-la-coupe-du-monde-declare-sylvinho\/","title":{"rendered":"&#8221; Nous pouvons aller \u00e0 la Coupe du monde &#8220;, d\u00e9clare Sylvinho"},"content":{"rendered":"<p data-start=\"0\" data-end=\"254\">L\u2019entra\u00eeneur de l\u2019Albanie, Sylvinho, a montr\u00e9 plus de confiance quant \u00e0 la possibilit\u00e9 de se qualifier pour la Coupe du monde, apr\u00e8s la victoire en match amical contre un adversaire d\u00e9j\u00e0 qualifi\u00e9 pour la phase finale du grand tournoi.<\/p>\n<p data-start=\"256\" data-end=\"366\">Le succ\u00e8s 4-2 a \u00e9t\u00e9 un \u00e9lan suppl\u00e9mentaire, encore plus fort que la victoire en Serbie, rapporte albinfo.ch.<\/p>\n<p data-start=\"368\" data-end=\"848\">&#8221; Oui, c\u2019est un signe. Tout d\u2019abord, j\u2019ai f\u00e9licit\u00e9 leur entra\u00eeneur pour la qualification \u00e0 la Coupe du monde. Cela peut aussi nous arriver. Nous devons bien nous pr\u00e9parer pour le Mondial. C\u2019\u00e9tait quelque chose de grand d\u2019aller en Serbie et de gagner l\u00e0-bas, mais maintenant nous avons encore deux autres matchs. La victoire contre la Serbie a \u00e9t\u00e9 importante, mais nous devons continuer \u00e0 gagner. Deux matchs restent \u00e0 jouer. Ce ne sera pas facile, mais nous pouvons y arriver. &#8220;<\/p>\n<p data-start=\"850\" data-end=\"946\">Le Br\u00e9silien s\u2019est dit tr\u00e8s satisfait de tout ce qu\u2019il a vu face \u00e0 la Jordanie, \u00e9crit abcnews.<\/p>\n<p data-start=\"948\" data-end=\"1703\">&#8220;J\u2019ai beaucoup aim\u00e9 l\u2019\u00e9quipe et aussi la composition. Nous avons pass\u00e9 dix tr\u00e8s bons jours ensemble. C\u2019est une excellente pr\u00e9paration pour les matchs de novembre. J\u2019ai aim\u00e9 tout le monde. Dajsinani a tr\u00e8s bien jou\u00e9. Klinsman a bien r\u00e9agi en entrant en seconde p\u00e9riode, et il commence \u00e0 comprendre notre fonctionnement. Gripshi a bien jou\u00e9 m\u00eame s\u2019il \u00e9tait plus \u00e9loign\u00e9 de l\u2019attaque. Il a \u00e9volu\u00e9 hors de son poste, mais il a de la qualit\u00e9 et a fait un travail diff\u00e9rent chez nous. Bajrami, Hoxha, Broja, Daku, tous ont bien jou\u00e9 et ont profit\u00e9 des espaces cr\u00e9\u00e9s. Ils ont eu l\u2019occasion de jouer. Comme entra\u00eeneur, je suis dans une position difficile car j\u2019ai beaucoup de joueurs \u00e0 choisir. C\u2019est un mal de t\u00eate, mais un mal de t\u00eate qui en vaut la peine. &#8220;<\/p>\n<p data-start=\"1705\" data-end=\"2106\">Quant \u00e0 Broja, toujours sujet de d\u00e9bat, Sylvinho a ajout\u00e9 :<br data-start=\"1764\" data-end=\"1767\" \/>&#8221; Oui, il peut jouer en pointe. Rei Manaj et Daku ont des caract\u00e9ristiques similaires, ils sont physiquement forts mais ne cr\u00e9ent pas beaucoup d\u2019espaces. Broja est tr\u00e8s rapide et cr\u00e9e des espaces. Il peut \u00e9videmment jouer comme avant-centre, ou bien deux d\u2019entre eux peuvent jouer ensemble, mais cela d\u00e9pend du match. &#8221; \/Albinfo.ch<\/p>\n","protected":false},"excerpt":{"rendered":"<p>Le succ\u00e8s 4-2 a \u00e9t\u00e9 un \u00e9lan encore plus fort, m\u00eame que la victoire en Serbie<\/p>\n","protected":false},"author":6,"featured_media":833438,"comment_status":"closed","ping_status":"closed","sticky":false,"template":"","format":"standard","meta":{"footnotes":""},"categories":[24671,1169,1109],"tags":[],"vendi":[],"content_country":[31835,31838,31840],"class_list":["post-867537","post","type-post","status-publish","format-standard","has-post-thumbnail","hentry","category-football","category-sport-fr","category-non-classifiee","content_country-austria-fr","content_country-germany-fr","content_country-zvicer-fr"],"acf":[],"_links":{"self":[{"href":"https:\/\/www.albinfo.at\/fr\/wp-json\/wp\/v2\/posts\/867537","targetHints":{"allow":["GET"]}}],"collection":[{"href":"https:\/\/www.albinfo.at\/fr\/wp-json\/wp\/v2\/posts"}],"about":[{"href":"https:\/\/www.albinfo.at\/fr\/wp-json\/wp\/v2\/types\/post"}],"author":[{"embeddable":true,"href":"https:\/\/www.albinfo.at\/fr\/wp-json\/wp\/v2\/users\/6"}],"replies":[{"embeddable":true,"href":"https:\/\/www.albinfo.at\/fr\/wp-json\/wp\/v2\/comments?post=867537"}],"version-history":[{"count":2,"href":"https:\/\/www.albinfo.at\/fr\/wp-json\/wp\/v2\/posts\/867537\/revisions"}],"predecessor-version":[{"id":867540,"href":"https:\/\/www.albinfo.at\/fr\/wp-json\/wp\/v2\/posts\/867537\/revisions\/867540"}],"wp:featuredmedia":[{"embeddable":true,"href":"https:\/\/www.albinfo.at\/fr\/wp-json\/wp\/v2\/media\/833438"}],"wp:attachment":[{"href":"https:\/\/www.albinfo.at\/fr\/wp-json\/wp\/v2\/media?parent=867537"}],"wp:term":[{"taxonomy":"category","embeddable":true,"href":"https:\/\/www.albinfo.at\/fr\/wp-json\/wp\/v2\/categories?post=867537"},{"taxonomy":"post_tag","embeddable":true,"href":"https:\/\/www.albinfo.at\/fr\/wp-json\/wp\/v2\/tags?post=867537"},{"taxonomy":"vendi","embeddable":true,"href":"https:\/\/www.albinfo.at\/fr\/wp-json\/wp\/v2\/vendi?post=867537"},{"taxonomy":"content_country","embeddable":true,"href":"https:\/\/www.albinfo.at\/fr\/wp-json\/wp\/v2\/content_country?post=867537"}],"curies":[{"name":"wp","href":"https:\/\/api.w.org\/{rel}","templated":true}]}}