{"id":867312,"date":"2025-10-14T22:06:51","date_gmt":"2025-10-14T20:06:51","guid":{"rendered":"https:\/\/www.albinfo.ch\/?p=867312"},"modified":"2025-10-14T22:08:31","modified_gmt":"2025-10-14T20:08:31","slug":"la-presidente-osmani-les-garcons-du-kosovo-ont-montre-du-coeur-et-du-caractere","status":"publish","type":"post","link":"https:\/\/www.albinfo.at\/fr\/la-presidente-osmani-les-garcons-du-kosovo-ont-montre-du-coeur-et-du-caractere\/","title":{"rendered":"La pr\u00e9sidente Osmani: Les gar\u00e7ons du Kosovo ont montr\u00e9 du c\u0153ur et du caract\u00e8re."},"content":{"rendered":"<p data-start=\"0\" data-end=\"223\">La pr\u00e9sidente du Kosovo, Vjosa Osmani, a f\u00e9licit\u00e9 l\u2019\u00e9quipe nationale apr\u00e8s la victoire contre la Su\u00e8de, qualifiant la performance des joueurs d\u2019exemple de courage et de caract\u00e8re, rapporte albinfo.ch.<\/p>\n<p data-start=\"225\" data-end=\"444\">&#8221; Les gar\u00e7ons du Kosovo ont montr\u00e9 du c\u0153ur, du caract\u00e8re et un jeu fantastique ce soir face \u00e0 la Su\u00e8de, nous rappelant que lorsque nous jouons avec l\u2019esprit, aucun d\u00e9fi n\u2019est impossible &#8220;, a \u00e9crit Osmani sur Facebook.<\/p>\n<p data-start=\"446\" data-end=\"586\">Elle a ajout\u00e9 que le chemin des Dardan\u00eb vers de nouvelles victoires continue, en f\u00e9licitant l\u2019\u00e9quipe pour ce succ\u00e8s historique \u00e0 G\u00f6teborg.<\/p>\n","protected":false},"excerpt":{"rendered":"<p>Vjosa Osmani f\u00e9licite l\u2019\u00e9quipe du Kosovo apr\u00e8s la victoire en Su\u00e8de.<\/p>\n","protected":false},"author":6,"featured_media":867105,"comment_status":"closed","ping_status":"closed","sticky":false,"template":"","format":"standard","meta":{"footnotes":""},"categories":[24630,24671,1169,1109],"tags":[],"vendi":[],"content_country":[31835,31838,31840],"class_list":["post-867312","post","type-post","status-publish","format-standard","has-post-thumbnail","hentry","category-nouvelles","category-football","category-sport-fr","category-non-classifiee","content_country-austria-fr","content_country-germany-fr","content_country-zvicer-fr"],"acf":[],"_links":{"self":[{"href":"https:\/\/www.albinfo.at\/fr\/wp-json\/wp\/v2\/posts\/867312","targetHints":{"allow":["GET"]}}],"collection":[{"href":"https:\/\/www.albinfo.at\/fr\/wp-json\/wp\/v2\/posts"}],"about":[{"href":"https:\/\/www.albinfo.at\/fr\/wp-json\/wp\/v2\/types\/post"}],"author":[{"embeddable":true,"href":"https:\/\/www.albinfo.at\/fr\/wp-json\/wp\/v2\/users\/6"}],"replies":[{"embeddable":true,"href":"https:\/\/www.albinfo.at\/fr\/wp-json\/wp\/v2\/comments?post=867312"}],"version-history":[{"count":1,"href":"https:\/\/www.albinfo.at\/fr\/wp-json\/wp\/v2\/posts\/867312\/revisions"}],"predecessor-version":[{"id":867313,"href":"https:\/\/www.albinfo.at\/fr\/wp-json\/wp\/v2\/posts\/867312\/revisions\/867313"}],"wp:featuredmedia":[{"embeddable":true,"href":"https:\/\/www.albinfo.at\/fr\/wp-json\/wp\/v2\/media\/867105"}],"wp:attachment":[{"href":"https:\/\/www.albinfo.at\/fr\/wp-json\/wp\/v2\/media?parent=867312"}],"wp:term":[{"taxonomy":"category","embeddable":true,"href":"https:\/\/www.albinfo.at\/fr\/wp-json\/wp\/v2\/categories?post=867312"},{"taxonomy":"post_tag","embeddable":true,"href":"https:\/\/www.albinfo.at\/fr\/wp-json\/wp\/v2\/tags?post=867312"},{"taxonomy":"vendi","embeddable":true,"href":"https:\/\/www.albinfo.at\/fr\/wp-json\/wp\/v2\/vendi?post=867312"},{"taxonomy":"content_country","embeddable":true,"href":"https:\/\/www.albinfo.at\/fr\/wp-json\/wp\/v2\/content_country?post=867312"}],"curies":[{"name":"wp","href":"https:\/\/api.w.org\/{rel}","templated":true}]}}