{"id":867232,"date":"2025-10-14T16:58:13","date_gmt":"2025-10-14T14:58:13","guid":{"rendered":"https:\/\/www.albinfo.ch\/?p=867232"},"modified":"2025-10-14T16:59:59","modified_gmt":"2025-10-14T14:59:59","slug":"foda-je-suis-fier-de-cette-equipe","status":"publish","type":"post","link":"https:\/\/www.albinfo.at\/fr\/foda-je-suis-fier-de-cette-equipe\/","title":{"rendered":"Foda: Je suis fier de cette \u00e9quipe."},"content":{"rendered":"<p data-start=\"0\" data-end=\"199\">Le s\u00e9lectionneur de l\u2019\u00e9quipe nationale du Kosovo, Franco Foda, s\u2019est dit fier de la prestation de ses joueurs apr\u00e8s la victoire contre la Su\u00e8de \u00e0 G\u00f6teborg, rapporte albinfo.ch.<\/p>\n<p data-start=\"201\" data-end=\"408\">&#8221; Je suis tr\u00e8s fier de cette \u00e9quipe, de ces joueurs, de la mani\u00e8re dont ils ont jou\u00e9 et du combat qu\u2019ils ont men\u00e9 pour ramener les trois points \u00e0 Pristina &#8220;, a d\u00e9clar\u00e9 Foda lors de la conf\u00e9rence de presse.<\/p>\n<p data-start=\"410\" data-end=\"602\">L\u2019entra\u00eeneur allemand a salu\u00e9 la discipline et l\u2019engagement de l\u2019\u00e9quipe, soulignant que le Kosovo d\u00e9montre du rythme et du caract\u00e8re dans la course \u00e0 la qualification pour la Coupe du monde.<\/p>\n<p><iframe loading=\"lazy\" style=\"border: none; overflow: hidden;\" src=\"https:\/\/www.facebook.com\/plugins\/video.php?height=314&amp;href=https%3A%2F%2Fwww.facebook.com%2FFFKKosova%2Fvideos%2F1473777007217620%2F&amp;show_text=true&amp;width=560&amp;t=0\" width=\"560\" height=\"429\" frameborder=\"0\" scrolling=\"no\" allowfullscreen=\"allowfullscreen\" data-mce-fragment=\"1\"><\/iframe><\/p>\n","protected":false},"excerpt":{"rendered":"<p>Le s\u00e9lectionneur de l\u2019\u00e9quipe nationale du Kosovo, Franco Foda, s\u2019est dit fier de la prestation de ses joueurs apr\u00e8s la victoire contre la Su\u00e8de \u00e0 G\u00f6teborg, rapporte albinfo.ch. &#8221; Je suis tr\u00e8s fier de cette \u00e9quipe, de ces joueurs, de la mani\u00e8re dont ils ont jou\u00e9 et du combat qu\u2019ils ont men\u00e9 pour ramener les [&hellip;]<\/p>\n","protected":false},"author":6,"featured_media":867133,"comment_status":"closed","ping_status":"closed","sticky":false,"template":"","format":"standard","meta":{"footnotes":""},"categories":[23271,23270,24630,24671,1169,1109],"tags":[],"vendi":[],"content_country":[31835,31838,31840],"class_list":["post-867232","post","type-post","status-publish","format-standard","has-post-thumbnail","hentry","category-kosovo","category-at-balkani-fr","category-nouvelles","category-football","category-sport-fr","category-non-classifiee","content_country-austria-fr","content_country-germany-fr","content_country-zvicer-fr"],"acf":[],"_links":{"self":[{"href":"https:\/\/www.albinfo.at\/fr\/wp-json\/wp\/v2\/posts\/867232","targetHints":{"allow":["GET"]}}],"collection":[{"href":"https:\/\/www.albinfo.at\/fr\/wp-json\/wp\/v2\/posts"}],"about":[{"href":"https:\/\/www.albinfo.at\/fr\/wp-json\/wp\/v2\/types\/post"}],"author":[{"embeddable":true,"href":"https:\/\/www.albinfo.at\/fr\/wp-json\/wp\/v2\/users\/6"}],"replies":[{"embeddable":true,"href":"https:\/\/www.albinfo.at\/fr\/wp-json\/wp\/v2\/comments?post=867232"}],"version-history":[{"count":1,"href":"https:\/\/www.albinfo.at\/fr\/wp-json\/wp\/v2\/posts\/867232\/revisions"}],"predecessor-version":[{"id":867233,"href":"https:\/\/www.albinfo.at\/fr\/wp-json\/wp\/v2\/posts\/867232\/revisions\/867233"}],"wp:featuredmedia":[{"embeddable":true,"href":"https:\/\/www.albinfo.at\/fr\/wp-json\/wp\/v2\/media\/867133"}],"wp:attachment":[{"href":"https:\/\/www.albinfo.at\/fr\/wp-json\/wp\/v2\/media?parent=867232"}],"wp:term":[{"taxonomy":"category","embeddable":true,"href":"https:\/\/www.albinfo.at\/fr\/wp-json\/wp\/v2\/categories?post=867232"},{"taxonomy":"post_tag","embeddable":true,"href":"https:\/\/www.albinfo.at\/fr\/wp-json\/wp\/v2\/tags?post=867232"},{"taxonomy":"vendi","embeddable":true,"href":"https:\/\/www.albinfo.at\/fr\/wp-json\/wp\/v2\/vendi?post=867232"},{"taxonomy":"content_country","embeddable":true,"href":"https:\/\/www.albinfo.at\/fr\/wp-json\/wp\/v2\/content_country?post=867232"}],"curies":[{"name":"wp","href":"https:\/\/api.w.org\/{rel}","templated":true}]}}