{"id":867224,"date":"2025-10-14T16:44:41","date_gmt":"2025-10-14T14:44:41","guid":{"rendered":"https:\/\/www.albinfo.ch\/?p=867224"},"modified":"2025-10-14T16:45:21","modified_gmt":"2025-10-14T14:45:21","slug":"kurti-qualifie-de-historique-la-victoire-du-kosovo-contre-la-suede","status":"publish","type":"post","link":"https:\/\/www.albinfo.at\/fr\/kurti-qualifie-de-historique-la-victoire-du-kosovo-contre-la-suede\/","title":{"rendered":"Kurti qualifie de &#8221; historique &#8221; la victoire du Kosovo contre la Su\u00e8de."},"content":{"rendered":"<p data-start=\"0\" data-end=\"199\">Le Premier ministre du Kosovo, Albin Kurti, a f\u00e9licit\u00e9 l\u2019\u00e9quipe nationale du Kosovo apr\u00e8s sa victoire contre la Su\u00e8de, qualifiant le r\u00e9sultat d\u2019historique, rapporte albinfo.ch.<\/p>\n<p data-start=\"201\" data-end=\"306\">Dans une publication sur Facebook, il a salu\u00e9 la discipline et l\u2019engagement des footballeurs kosovars:<\/p>\n<p data-start=\"308\" data-end=\"536\">&#8221; Un Kosovo exceptionnel! Un jeu disciplin\u00e9, une victoire m\u00e9rit\u00e9e et un autre r\u00e9sultat historique contre la Su\u00e8de pour consolider la deuxi\u00e8me place du groupe et garder vivant le r\u00eave de qualification pour la Coupe du monde. &#8220;<\/p>\n<p data-start=\"538\" data-end=\"692\">Kurti a adress\u00e9 ses f\u00e9licitations aux joueurs ainsi qu\u2019\u00e0 tous les citoyens pour cette r\u00e9ussite, qualifiant cette victoire de moment de fiert\u00e9 nationale.<\/p>\n","protected":false},"excerpt":{"rendered":"<p>Albin Kurti: Un Kosovo exceptionnel, une victoire m\u00e9rit\u00e9e contre la Su\u00e8de.<\/p>\n","protected":false},"author":6,"featured_media":867092,"comment_status":"closed","ping_status":"closed","sticky":false,"template":"","format":"standard","meta":{"footnotes":""},"categories":[24630,24671,1169,1109],"tags":[],"vendi":[],"content_country":[31835,31838,31840],"class_list":["post-867224","post","type-post","status-publish","format-standard","has-post-thumbnail","hentry","category-nouvelles","category-football","category-sport-fr","category-non-classifiee","content_country-austria-fr","content_country-germany-fr","content_country-zvicer-fr"],"acf":[],"_links":{"self":[{"href":"https:\/\/www.albinfo.at\/fr\/wp-json\/wp\/v2\/posts\/867224","targetHints":{"allow":["GET"]}}],"collection":[{"href":"https:\/\/www.albinfo.at\/fr\/wp-json\/wp\/v2\/posts"}],"about":[{"href":"https:\/\/www.albinfo.at\/fr\/wp-json\/wp\/v2\/types\/post"}],"author":[{"embeddable":true,"href":"https:\/\/www.albinfo.at\/fr\/wp-json\/wp\/v2\/users\/6"}],"replies":[{"embeddable":true,"href":"https:\/\/www.albinfo.at\/fr\/wp-json\/wp\/v2\/comments?post=867224"}],"version-history":[{"count":1,"href":"https:\/\/www.albinfo.at\/fr\/wp-json\/wp\/v2\/posts\/867224\/revisions"}],"predecessor-version":[{"id":867225,"href":"https:\/\/www.albinfo.at\/fr\/wp-json\/wp\/v2\/posts\/867224\/revisions\/867225"}],"wp:featuredmedia":[{"embeddable":true,"href":"https:\/\/www.albinfo.at\/fr\/wp-json\/wp\/v2\/media\/867092"}],"wp:attachment":[{"href":"https:\/\/www.albinfo.at\/fr\/wp-json\/wp\/v2\/media?parent=867224"}],"wp:term":[{"taxonomy":"category","embeddable":true,"href":"https:\/\/www.albinfo.at\/fr\/wp-json\/wp\/v2\/categories?post=867224"},{"taxonomy":"post_tag","embeddable":true,"href":"https:\/\/www.albinfo.at\/fr\/wp-json\/wp\/v2\/tags?post=867224"},{"taxonomy":"vendi","embeddable":true,"href":"https:\/\/www.albinfo.at\/fr\/wp-json\/wp\/v2\/vendi?post=867224"},{"taxonomy":"content_country","embeddable":true,"href":"https:\/\/www.albinfo.at\/fr\/wp-json\/wp\/v2\/content_country?post=867224"}],"curies":[{"name":"wp","href":"https:\/\/api.w.org\/{rel}","templated":true}]}}