{"id":867040,"date":"2025-10-13T23:20:22","date_gmt":"2025-10-13T21:20:22","guid":{"rendered":"https:\/\/www.albinfo.ch\/?p=867040"},"modified":"2025-10-13T23:20:56","modified_gmt":"2025-10-13T21:20:56","slug":"le-kosovo-signe-une-victoire-historique-a-goteborg-battant-la-suede-pour-la-deuxieme-fois-en-un-mois","status":"publish","type":"post","link":"https:\/\/www.albinfo.at\/fr\/le-kosovo-signe-une-victoire-historique-a-goteborg-battant-la-suede-pour-la-deuxieme-fois-en-un-mois\/","title":{"rendered":"Le Kosovo signe une victoire historique \u00e0 G\u00f6teborg, battant la Su\u00e8de pour la deuxi\u00e8me fois en un mois."},"content":{"rendered":"<p data-start=\"0\" data-end=\"251\">Le Kosovo a remport\u00e9 une victoire historique ce soir \u00e0 G\u00f6teborg, en battant la Su\u00e8de 1-0 lors d\u2019un match exceptionnel. Gr\u00e2ce \u00e0 ce r\u00e9sultat, le Kosovo grimpe \u00e0 la deuxi\u00e8me place du groupe avec 7 points au total, \u00e9crit albinfo.ch.<\/p>\n<p data-start=\"253\" data-end=\"492\">Le but d\u00e9cisif a \u00e9t\u00e9 inscrit \u00e0 la 32e minute par Besnik Asllani, offrant trois points pr\u00e9cieux \u00e0 l\u2019\u00e9quipe. C\u2019est la deuxi\u00e8me fois en un mois que le Kosovo bat la Su\u00e8de, apr\u00e8s le premier match disput\u00e9 au stade &#8221; Fadil Vokrri &#8221; \u00e0 Pristina.<\/p>\n<p data-start=\"494\" data-end=\"781\">Plus de 7 000 supporters kosovars pr\u00e9sents en Su\u00e8de ont assist\u00e9 au match \u00e0 G\u00f6teborg et ont c\u00e9l\u00e9br\u00e9 avec enthousiasme cette victoire historique de leur \u00e9quipe. La performance de la s\u00e9lection a \u00e9t\u00e9 qualifi\u00e9e d\u2019exceptionnelle, apportant espoir et optimisme pour les prochaines rencontres.<\/p>\n<p><a href=\"https:\/\/www.albinfo.ch\/wp-content\/uploads\/2025\/10\/kosova-.jpg\"><img loading=\"lazy\" decoding=\"async\" class=\"alignnone size-full wp-image-867021\" src=\"https:\/\/www.albinfo.ch\/wp-content\/uploads\/2025\/10\/kosova-.jpg\" alt=\"\" width=\"608\" height=\"536\" srcset=\"https:\/\/www.albinfo.at\/wp-content\/uploads\/2025\/10\/kosova-.jpg 608w, https:\/\/www.albinfo.at\/wp-content\/uploads\/2025\/10\/kosova--300x264.jpg 300w, https:\/\/www.albinfo.at\/wp-content\/uploads\/2025\/10\/kosova--449x396.jpg 449w, https:\/\/www.albinfo.at\/wp-content\/uploads\/2025\/10\/kosova--113x100.jpg 113w, https:\/\/www.albinfo.at\/wp-content\/uploads\/2025\/10\/kosova--199x175.jpg 199w\" sizes=\"auto, (max-width: 608px) 100vw, 608px\" \/><\/a><\/p>\n<p>Lexoni po ashtu:<\/p>\n<blockquote class=\"wp-embedded-content\" data-secret=\"HDqchF86gI\"><p><a href=\"https:\/\/www.albinfo.ch\/formacioni-i-kosoves-per-ndeshjen-ndaj-suedise-tre-ndryshime-nga-takimi-me-sllovenine\/\">Formacioni i Kosov\u00ebs p\u00ebr ndeshjen ndaj Suedis\u00eb: Tre ndryshime nga takimi me Sllovenin\u00eb<\/a><\/p><\/blockquote>\n<p><iframe loading=\"lazy\" class=\"wp-embedded-content\" sandbox=\"allow-scripts\" security=\"restricted\" style=\"position: absolute; visibility: hidden;\" title=\"&#8220;Formacioni i Kosov\u00ebs p\u00ebr ndeshjen ndaj Suedis\u00eb: Tre ndryshime nga takimi me Sllovenin\u00eb&#8221; &#8212; Albinfo\" src=\"https:\/\/www.albinfo.ch\/formacioni-i-kosoves-per-ndeshjen-ndaj-suedise-tre-ndryshime-nga-takimi-me-sllovenine\/embed\/#?secret=BCmW9ZFdIM#?secret=HDqchF86gI\" data-secret=\"HDqchF86gI\" width=\"587\" height=\"331\" frameborder=\"0\" marginwidth=\"0\" marginheight=\"0\" scrolling=\"no\"><\/iframe><\/p>\n<p>&nbsp;<\/p>\n","protected":false},"excerpt":{"rendered":"<p>Le Kosovo a remport\u00e9 une victoire historique ce soir \u00e0 G\u00f6teborg, en battant la Su\u00e8de 1-0 lors d\u2019un match exceptionnel. Gr\u00e2ce \u00e0 ce r\u00e9sultat, le Kosovo grimpe \u00e0 la deuxi\u00e8me place du groupe avec 7 points au total, \u00e9crit albinfo.ch. Le but d\u00e9cisif a \u00e9t\u00e9 inscrit \u00e0 la 32e minute par Besnik Asllani, offrant trois [&hellip;]<\/p>\n","protected":false},"author":6,"featured_media":867015,"comment_status":"closed","ping_status":"closed","sticky":false,"template":"","format":"standard","meta":{"footnotes":""},"categories":[33083,23271,23277,24620,24634,1109],"tags":[],"vendi":[],"content_country":[31835,31838,31840],"class_list":["post-867040","post","type-post","status-publish","format-standard","has-post-thumbnail","hentry","category-de-balkani-fr","category-kosovo","category-news-fr","category-kosova-fr-2","category-nouvelles-fr-3","category-non-classifiee","content_country-austria-fr","content_country-germany-fr","content_country-zvicer-fr"],"acf":[],"_links":{"self":[{"href":"https:\/\/www.albinfo.at\/fr\/wp-json\/wp\/v2\/posts\/867040","targetHints":{"allow":["GET"]}}],"collection":[{"href":"https:\/\/www.albinfo.at\/fr\/wp-json\/wp\/v2\/posts"}],"about":[{"href":"https:\/\/www.albinfo.at\/fr\/wp-json\/wp\/v2\/types\/post"}],"author":[{"embeddable":true,"href":"https:\/\/www.albinfo.at\/fr\/wp-json\/wp\/v2\/users\/6"}],"replies":[{"embeddable":true,"href":"https:\/\/www.albinfo.at\/fr\/wp-json\/wp\/v2\/comments?post=867040"}],"version-history":[{"count":1,"href":"https:\/\/www.albinfo.at\/fr\/wp-json\/wp\/v2\/posts\/867040\/revisions"}],"predecessor-version":[{"id":867041,"href":"https:\/\/www.albinfo.at\/fr\/wp-json\/wp\/v2\/posts\/867040\/revisions\/867041"}],"wp:featuredmedia":[{"embeddable":true,"href":"https:\/\/www.albinfo.at\/fr\/wp-json\/wp\/v2\/media\/867015"}],"wp:attachment":[{"href":"https:\/\/www.albinfo.at\/fr\/wp-json\/wp\/v2\/media?parent=867040"}],"wp:term":[{"taxonomy":"category","embeddable":true,"href":"https:\/\/www.albinfo.at\/fr\/wp-json\/wp\/v2\/categories?post=867040"},{"taxonomy":"post_tag","embeddable":true,"href":"https:\/\/www.albinfo.at\/fr\/wp-json\/wp\/v2\/tags?post=867040"},{"taxonomy":"vendi","embeddable":true,"href":"https:\/\/www.albinfo.at\/fr\/wp-json\/wp\/v2\/vendi?post=867040"},{"taxonomy":"content_country","embeddable":true,"href":"https:\/\/www.albinfo.at\/fr\/wp-json\/wp\/v2\/content_country?post=867040"}],"curies":[{"name":"wp","href":"https:\/\/api.w.org\/{rel}","templated":true}]}}