{"id":867019,"date":"2025-10-13T23:02:02","date_gmt":"2025-10-13T21:02:02","guid":{"rendered":"https:\/\/www.albinfo.ch\/?p=867019"},"modified":"2025-10-13T23:03:19","modified_gmt":"2025-10-13T21:03:19","slug":"la-juventus-adresse-un-message-special-de-felicitations-a-zhegrova-avant-le-match-contre-la-suede","status":"publish","type":"post","link":"https:\/\/www.albinfo.at\/fr\/la-juventus-adresse-un-message-special-de-felicitations-a-zhegrova-avant-le-match-contre-la-suede\/","title":{"rendered":"La Juventus adresse un message sp\u00e9cial de f\u00e9licitations \u00e0 Zhegrova avant le match contre la Su\u00e8de."},"content":{"rendered":"<p data-start=\"0\" data-end=\"291\">Le grand club italien, la Juventus, n\u2019a pas oubli\u00e9 Edon Zhegrova. La &#8221; Vieille Dame &#8221; est rest\u00e9e active sur les r\u00e9seaux sociaux en mettant en avant le joueur de l\u2019\u00e9quipe nationale du Kosovo, qui a rejoint le club lors du dernier jour du mercato en provenance de Lille.<\/p>\n<p data-start=\"293\" data-end=\"482\">Le site officiel de la Juventus a souhait\u00e9 bonne chance \u00e0 Zhegrova et \u00e0 toute l\u2019\u00e9quipe du Kosovo pour le match contre la Su\u00e8de, comptant pour les qualifications de la Coupe du monde 2026.<\/p>\n<p data-start=\"484\" data-end=\"699\">&#8221; Nous souhaitons beaucoup de succ\u00e8s \u00e0 Edon Zhegrova et \u00e0 ses co\u00e9quipiers du Kosovo pour la rencontre face \u00e0 la Su\u00e8de dans le cadre des qualifications pour la Coupe du monde &#8220;, \u00e9crit le club sur son site officiel.<\/p>\n<p>&nbsp;<\/p>\n","protected":false},"excerpt":{"rendered":"<p>Le grand club italien, la Juventus, n\u2019a pas oubli\u00e9 Edon Zhegrova. La &#8221; Vieille Dame &#8221; est rest\u00e9e active sur les r\u00e9seaux sociaux en mettant en avant le joueur de l\u2019\u00e9quipe nationale du Kosovo, qui a rejoint le club lors du dernier jour du mercato en provenance de Lille. Le site officiel de la Juventus [&hellip;]<\/p>\n","protected":false},"author":6,"featured_media":866334,"comment_status":"closed","ping_status":"closed","sticky":false,"template":"","format":"standard","meta":{"footnotes":""},"categories":[24630,24671,1169,1109],"tags":[],"vendi":[],"content_country":[31835,31838,31840],"class_list":["post-867019","post","type-post","status-publish","format-standard","has-post-thumbnail","hentry","category-nouvelles","category-football","category-sport-fr","category-non-classifiee","content_country-austria-fr","content_country-germany-fr","content_country-zvicer-fr"],"acf":[],"_links":{"self":[{"href":"https:\/\/www.albinfo.at\/fr\/wp-json\/wp\/v2\/posts\/867019","targetHints":{"allow":["GET"]}}],"collection":[{"href":"https:\/\/www.albinfo.at\/fr\/wp-json\/wp\/v2\/posts"}],"about":[{"href":"https:\/\/www.albinfo.at\/fr\/wp-json\/wp\/v2\/types\/post"}],"author":[{"embeddable":true,"href":"https:\/\/www.albinfo.at\/fr\/wp-json\/wp\/v2\/users\/6"}],"replies":[{"embeddable":true,"href":"https:\/\/www.albinfo.at\/fr\/wp-json\/wp\/v2\/comments?post=867019"}],"version-history":[{"count":1,"href":"https:\/\/www.albinfo.at\/fr\/wp-json\/wp\/v2\/posts\/867019\/revisions"}],"predecessor-version":[{"id":867025,"href":"https:\/\/www.albinfo.at\/fr\/wp-json\/wp\/v2\/posts\/867019\/revisions\/867025"}],"wp:featuredmedia":[{"embeddable":true,"href":"https:\/\/www.albinfo.at\/fr\/wp-json\/wp\/v2\/media\/866334"}],"wp:attachment":[{"href":"https:\/\/www.albinfo.at\/fr\/wp-json\/wp\/v2\/media?parent=867019"}],"wp:term":[{"taxonomy":"category","embeddable":true,"href":"https:\/\/www.albinfo.at\/fr\/wp-json\/wp\/v2\/categories?post=867019"},{"taxonomy":"post_tag","embeddable":true,"href":"https:\/\/www.albinfo.at\/fr\/wp-json\/wp\/v2\/tags?post=867019"},{"taxonomy":"vendi","embeddable":true,"href":"https:\/\/www.albinfo.at\/fr\/wp-json\/wp\/v2\/vendi?post=867019"},{"taxonomy":"content_country","embeddable":true,"href":"https:\/\/www.albinfo.at\/fr\/wp-json\/wp\/v2\/content_country?post=867019"}],"curies":[{"name":"wp","href":"https:\/\/api.w.org\/{rel}","templated":true}]}}