{"id":866016,"date":"2025-10-09T23:23:19","date_gmt":"2025-10-09T21:23:19","guid":{"rendered":"https:\/\/www.albinfo.ch\/?p=866016"},"modified":"2025-10-09T23:23:40","modified_gmt":"2025-10-09T21:23:40","slug":"les-dardanet-effectuent-aujourdhui-leur-dernier-entrainement-avant-le-match-contre-la-slovenie","status":"publish","type":"post","link":"https:\/\/www.albinfo.at\/fr\/les-dardanet-effectuent-aujourdhui-leur-dernier-entrainement-avant-le-match-contre-la-slovenie\/","title":{"rendered":"Les \u201cDardan\u00ebt\u201d effectuent aujourd\u2019hui leur dernier entra\u00eenement avant le match contre la Slov\u00e9nie."},"content":{"rendered":"<p data-start=\"0\" data-end=\"217\">L\u2019\u00e9quipe nationale du Kosovo tient aujourd\u2019hui sa derni\u00e8re s\u00e9ance d\u2019entra\u00eenement avant le match contre la Slov\u00e9nie, comptant pour les qualifications de la Coupe du monde 2026, rapporte albinfo.ch.<\/p>\n<p data-start=\"219\" data-end=\"278\">\u00c0 17h00 aura lieu le dernier entra\u00eenement des \u201cDardan\u00ebt\u201d.<\/p>\n<p data-start=\"280\" data-end=\"336\">\u00c0 16h30, Franco Foda donnera une conf\u00e9rence de presse.<\/p>\n<p data-start=\"338\" data-end=\"449\">Quant \u00e0 l\u2019\u00e9quipe nationale de Slov\u00e9nie, elle tiendra sa conf\u00e9rence de presse \u00e0 20h00 au stade \u201cFadil Vokrri\u201d.<\/p>\n<p data-start=\"451\" data-end=\"567\">Rappelons que le match entre le Kosovo et la Slov\u00e9nie se jouera demain \u00e0 20h45 au stade \u201cFadil Vokrri\u201d \u00e0 Pristina.\/Albinfo.ch<\/p>\n","protected":false},"excerpt":{"rendered":"<p>L\u2019\u00e9quipe nationale du Kosovo tient aujourd\u2019hui sa derni\u00e8re s\u00e9ance d\u2019entra\u00eenement avant le match contre la Slov\u00e9nie, comptant pour les qualifications de la Coupe du monde 2026, rapporte albinfo.ch. \u00c0 17h00 aura lieu le dernier entra\u00eenement des \u201cDardan\u00ebt\u201d. \u00c0 16h30, Franco Foda donnera une conf\u00e9rence de presse. Quant \u00e0 l\u2019\u00e9quipe nationale de Slov\u00e9nie, elle tiendra sa [&hellip;]<\/p>\n","protected":false},"author":6,"featured_media":865845,"comment_status":"closed","ping_status":"closed","sticky":false,"template":"","format":"standard","meta":{"footnotes":""},"categories":[24630,24671,1169,1109],"tags":[],"vendi":[],"content_country":[31835,31838,31840],"class_list":["post-866016","post","type-post","status-publish","format-standard","has-post-thumbnail","hentry","category-nouvelles","category-football","category-sport-fr","category-non-classifiee","content_country-austria-fr","content_country-germany-fr","content_country-zvicer-fr"],"acf":[],"_links":{"self":[{"href":"https:\/\/www.albinfo.at\/fr\/wp-json\/wp\/v2\/posts\/866016","targetHints":{"allow":["GET"]}}],"collection":[{"href":"https:\/\/www.albinfo.at\/fr\/wp-json\/wp\/v2\/posts"}],"about":[{"href":"https:\/\/www.albinfo.at\/fr\/wp-json\/wp\/v2\/types\/post"}],"author":[{"embeddable":true,"href":"https:\/\/www.albinfo.at\/fr\/wp-json\/wp\/v2\/users\/6"}],"replies":[{"embeddable":true,"href":"https:\/\/www.albinfo.at\/fr\/wp-json\/wp\/v2\/comments?post=866016"}],"version-history":[{"count":1,"href":"https:\/\/www.albinfo.at\/fr\/wp-json\/wp\/v2\/posts\/866016\/revisions"}],"predecessor-version":[{"id":866017,"href":"https:\/\/www.albinfo.at\/fr\/wp-json\/wp\/v2\/posts\/866016\/revisions\/866017"}],"wp:featuredmedia":[{"embeddable":true,"href":"https:\/\/www.albinfo.at\/fr\/wp-json\/wp\/v2\/media\/865845"}],"wp:attachment":[{"href":"https:\/\/www.albinfo.at\/fr\/wp-json\/wp\/v2\/media?parent=866016"}],"wp:term":[{"taxonomy":"category","embeddable":true,"href":"https:\/\/www.albinfo.at\/fr\/wp-json\/wp\/v2\/categories?post=866016"},{"taxonomy":"post_tag","embeddable":true,"href":"https:\/\/www.albinfo.at\/fr\/wp-json\/wp\/v2\/tags?post=866016"},{"taxonomy":"vendi","embeddable":true,"href":"https:\/\/www.albinfo.at\/fr\/wp-json\/wp\/v2\/vendi?post=866016"},{"taxonomy":"content_country","embeddable":true,"href":"https:\/\/www.albinfo.at\/fr\/wp-json\/wp\/v2\/content_country?post=866016"}],"curies":[{"name":"wp","href":"https:\/\/api.w.org\/{rel}","templated":true}]}}