{"id":865739,"date":"2025-10-08T19:00:04","date_gmt":"2025-10-08T17:00:04","guid":{"rendered":"https:\/\/www.albinfo.ch\/?p=865739"},"modified":"2025-10-08T19:00:20","modified_gmt":"2025-10-08T17:00:20","slug":"vjosa-osmani-decore-le-president-de-la-fifa-gianni-infantino-et-dedie-la-medaille-a-la-legende-fadil-vokrri","status":"publish","type":"post","link":"https:\/\/www.albinfo.at\/fr\/vjosa-osmani-decore-le-president-de-la-fifa-gianni-infantino-et-dedie-la-medaille-a-la-legende-fadil-vokrri\/","title":{"rendered":"Vjosa Osmani d\u00e9core le pr\u00e9sident de la FIFA, Gianni Infantino, et d\u00e9die la m\u00e9daille \u00e0 la l\u00e9gende Fadil Vokrri"},"content":{"rendered":"<p data-start=\"0\" data-end=\"107\">Gianni Infantino a \u00e9t\u00e9 d\u00e9cor\u00e9 de la M\u00e9daille d\u2019Honneur par la pr\u00e9sidente Vjosa Osmani.<\/p>\n<p data-start=\"109\" data-end=\"286\">Le pr\u00e9sident de la FIFA, Gianni Infantino, a re\u00e7u la M\u00e9daille d\u2019Honneur des mains de la pr\u00e9sidente du Kosovo, Vjosa Osmani, lors d\u2019une c\u00e9r\u00e9monie organis\u00e9e mercredi \u00e0 Pristina.<\/p>\n<p data-start=\"288\" data-end=\"452\">Apr\u00e8s avoir re\u00e7u la distinction, Infantino a d\u00e9clar\u00e9 qu\u2019il s\u2019agissait d\u2019un immense honneur pour lui d\u2019\u00eatre r\u00e9compens\u00e9 par un pays aussi merveilleux que le Kosovo.<\/p>\n<p data-start=\"454\" data-end=\"791\">&#8221; C\u2019est un grand honneur, un grand plaisir, une grande \u00e9motion et une immense joie d\u2019\u00eatre ici, chez moi, au Kosovo. Recevoir cette haute distinction, cette m\u00e9daille, de la part de vous, Madame la Pr\u00e9sidente de la R\u00e9publique du Kosovo, mon amie, au nom d\u2019un pays aussi magnifique que le Kosovo, est un moment tr\u00e8s sp\u00e9cial &#8220;, a-t-il dit.<\/p>\n<p data-start=\"793\" data-end=\"1041\">&#8221; Aujourd\u2019hui, le Kosovo et Pristina sont la capitale du monde, n\u2019est-ce pas? Du monde du football\u2026 mais comme nous le savons tous, le football est la chose la plus importante au monde, donc c\u2019est bien la capitale du monde &#8220;, a ajout\u00e9 Infantino.<\/p>\n<p data-start=\"1043\" data-end=\"1166\">Le pr\u00e9sident de la FIFA a d\u00e9di\u00e9 cette m\u00e9daille \u00e0 l\u2019ancien pr\u00e9sident de la F\u00e9d\u00e9ration de football du Kosovo, Fadil Vokrri.<\/p>\n<p data-start=\"1168\" data-end=\"1453\">&#8221; Je voudrais d\u00e9dier cette m\u00e9daille, cet honneur et cette reconnaissance \u00e0 Fadil Vokrri, ainsi qu\u2019\u00e0 tout le peuple du Kosovo, ici et \u00e0 l\u2019\u00e9tranger &#8220;, a d\u00e9clar\u00e9 Infantino, exprimant son \u00e9motion pour cette distinction et ses souvenirs des rencontres avec la l\u00e9gende du football kosovar.<\/p>\n","protected":false},"excerpt":{"rendered":"<p>Gianni Infantino a \u00e9t\u00e9 d\u00e9cor\u00e9 de la M\u00e9daille d\u2019Honneur par la pr\u00e9sidente Vjosa Osmani. Le pr\u00e9sident de la FIFA, Gianni Infantino, a re\u00e7u la M\u00e9daille d\u2019Honneur des mains de la pr\u00e9sidente du Kosovo, Vjosa Osmani, lors d\u2019une c\u00e9r\u00e9monie organis\u00e9e mercredi \u00e0 Pristina. Apr\u00e8s avoir re\u00e7u la distinction, Infantino a d\u00e9clar\u00e9 qu\u2019il s\u2019agissait d\u2019un immense honneur [&hellip;]<\/p>\n","protected":false},"author":6,"featured_media":865659,"comment_status":"closed","ping_status":"closed","sticky":false,"template":"","format":"standard","meta":{"footnotes":""},"categories":[24630,24671,1169,1109],"tags":[],"vendi":[],"content_country":[31835,31838,31840],"class_list":["post-865739","post","type-post","status-publish","format-standard","has-post-thumbnail","hentry","category-nouvelles","category-football","category-sport-fr","category-non-classifiee","content_country-austria-fr","content_country-germany-fr","content_country-zvicer-fr"],"acf":[],"_links":{"self":[{"href":"https:\/\/www.albinfo.at\/fr\/wp-json\/wp\/v2\/posts\/865739","targetHints":{"allow":["GET"]}}],"collection":[{"href":"https:\/\/www.albinfo.at\/fr\/wp-json\/wp\/v2\/posts"}],"about":[{"href":"https:\/\/www.albinfo.at\/fr\/wp-json\/wp\/v2\/types\/post"}],"author":[{"embeddable":true,"href":"https:\/\/www.albinfo.at\/fr\/wp-json\/wp\/v2\/users\/6"}],"replies":[{"embeddable":true,"href":"https:\/\/www.albinfo.at\/fr\/wp-json\/wp\/v2\/comments?post=865739"}],"version-history":[{"count":2,"href":"https:\/\/www.albinfo.at\/fr\/wp-json\/wp\/v2\/posts\/865739\/revisions"}],"predecessor-version":[{"id":865742,"href":"https:\/\/www.albinfo.at\/fr\/wp-json\/wp\/v2\/posts\/865739\/revisions\/865742"}],"wp:featuredmedia":[{"embeddable":true,"href":"https:\/\/www.albinfo.at\/fr\/wp-json\/wp\/v2\/media\/865659"}],"wp:attachment":[{"href":"https:\/\/www.albinfo.at\/fr\/wp-json\/wp\/v2\/media?parent=865739"}],"wp:term":[{"taxonomy":"category","embeddable":true,"href":"https:\/\/www.albinfo.at\/fr\/wp-json\/wp\/v2\/categories?post=865739"},{"taxonomy":"post_tag","embeddable":true,"href":"https:\/\/www.albinfo.at\/fr\/wp-json\/wp\/v2\/tags?post=865739"},{"taxonomy":"vendi","embeddable":true,"href":"https:\/\/www.albinfo.at\/fr\/wp-json\/wp\/v2\/vendi?post=865739"},{"taxonomy":"content_country","embeddable":true,"href":"https:\/\/www.albinfo.at\/fr\/wp-json\/wp\/v2\/content_country?post=865739"}],"curies":[{"name":"wp","href":"https:\/\/api.w.org\/{rel}","templated":true}]}}