{"id":865579,"date":"2025-10-07T23:05:35","date_gmt":"2025-10-07T21:05:35","guid":{"rendered":"https:\/\/www.albinfo.ch\/?p=865579"},"modified":"2025-10-07T23:06:14","modified_gmt":"2025-10-07T21:06:14","slug":"video-les-rouge-et-noir-poursuivent-leur-preparation-pour-le-match-contre-la-serbie","status":"publish","type":"post","link":"https:\/\/www.albinfo.at\/fr\/video-les-rouge-et-noir-poursuivent-leur-preparation-pour-le-match-contre-la-serbie\/","title":{"rendered":"Vid\u00e9o: Les Rouge et Noir poursuivent leur pr\u00e9paration pour le match contre la Serbie"},"content":{"rendered":"<p data-start=\"0\" data-end=\"213\">L\u2019\u00e9quipe nationale albanaise a effectu\u00e9 cet apr\u00e8s-midi une nouvelle s\u00e9ance d\u2019entra\u00eenement \u00e0 la &#8221; Maison du Football &#8220;, dans le cadre de la pr\u00e9paration des matchs contre la Serbie et la Jordanie.<\/p>\n<p data-start=\"215\" data-end=\"541\">Le d\u00e9partement de communication de la F\u00e9d\u00e9ration albanaise de football (FSHF) a fait savoir que lors de cette s\u00e9ance, les joueurs \u00e9taient tous \u00e0 la disposition de l\u2019entra\u00eeneur Sylvinho et ont suivi la charge d\u2019entra\u00eenement compl\u00e8te, tandis qu\u2019Enea Mihaj s\u2019est joint aujourd\u2019hui \u00e0 l\u2019\u00e9quipe et s\u2019est entra\u00een\u00e9 individuellement.<\/p>\n<p data-start=\"543\" data-end=\"759\">L\u2019entra\u00eenement d\u2019aujourd\u2019hui a commenc\u00e9 par une s\u00e9ance en salle de sport, puis l\u2019entra\u00eeneur Sylvinho, accompagn\u00e9 de l\u2019\u00e9quipe, a travaill\u00e9 diff\u00e9rentes situations de jeu et des aspects tactiques, rapporte albinfo.ch.<\/p>\n<p data-start=\"761\" data-end=\"921\">Par ailleurs, l\u2019entra\u00eeneur Sylvinho a d\u00e9cid\u00e9 d\u2019appeler pour ces deux rencontres le milieu de terrain Nazmi Gripshi, en remplacement d\u2019Adrion Pajaziti, bless\u00e9.<\/p>\n<p data-start=\"923\" data-end=\"1030\">Gripshi rejoindra l\u2019\u00e9quipe mercredi et sera disponible pour les matchs face \u00e0 la Serbie et \u00e0 la Jordanie.<\/p>\n<p data-start=\"1032\" data-end=\"1261\">La prochaine s\u00e9ance d\u2019entra\u00eenement de l\u2019\u00e9quipe nationale aura lieu demain \u00e0 la &#8221; Maison du Football &#8220;. Le m\u00eame jour, deux joueurs se pr\u00e9senteront \u00e9galement devant les m\u00e9dias lors d\u2019une conf\u00e9rence de presse au stade &#8221; Air Albania &#8220;.<\/p>\n<p><iframe loading=\"lazy\" title=\"Ndeshja e Kualifikueseve t\u00eb Bot\u00ebrorit 2026 me Serbin\u00eb \/ Komb\u00ebtarja st\u00ebrvitet e plot\u00eb n\u00eb dit\u00ebn e 2-t\u00eb\" width=\"587\" height=\"330\" src=\"https:\/\/www.youtube.com\/embed\/MSI7PFgkAI4?feature=oembed\" frameborder=\"0\" allow=\"accelerometer; autoplay; clipboard-write; encrypted-media; gyroscope; picture-in-picture; web-share\" referrerpolicy=\"strict-origin-when-cross-origin\" allowfullscreen><\/iframe><\/p>\n","protected":false},"excerpt":{"rendered":"<p>L\u2019entra\u00eenement d\u2019aujourd\u2019hui a commenc\u00e9 par une s\u00e9ance en salle de sport, puis l\u2019entra\u00eeneur Sylvinho, accompagn\u00e9 de l\u2019\u00e9quipe, a travaill\u00e9 diff\u00e9rentes situations de jeu et des aspects tactiques.<\/p>\n","protected":false},"author":6,"featured_media":865468,"comment_status":"closed","ping_status":"closed","sticky":false,"template":"","format":"standard","meta":{"footnotes":""},"categories":[24671,1169,1109],"tags":[],"vendi":[],"content_country":[31835,31838,31840],"class_list":["post-865579","post","type-post","status-publish","format-standard","has-post-thumbnail","hentry","category-football","category-sport-fr","category-non-classifiee","content_country-austria-fr","content_country-germany-fr","content_country-zvicer-fr"],"acf":[],"_links":{"self":[{"href":"https:\/\/www.albinfo.at\/fr\/wp-json\/wp\/v2\/posts\/865579","targetHints":{"allow":["GET"]}}],"collection":[{"href":"https:\/\/www.albinfo.at\/fr\/wp-json\/wp\/v2\/posts"}],"about":[{"href":"https:\/\/www.albinfo.at\/fr\/wp-json\/wp\/v2\/types\/post"}],"author":[{"embeddable":true,"href":"https:\/\/www.albinfo.at\/fr\/wp-json\/wp\/v2\/users\/6"}],"replies":[{"embeddable":true,"href":"https:\/\/www.albinfo.at\/fr\/wp-json\/wp\/v2\/comments?post=865579"}],"version-history":[{"count":1,"href":"https:\/\/www.albinfo.at\/fr\/wp-json\/wp\/v2\/posts\/865579\/revisions"}],"predecessor-version":[{"id":865581,"href":"https:\/\/www.albinfo.at\/fr\/wp-json\/wp\/v2\/posts\/865579\/revisions\/865581"}],"wp:featuredmedia":[{"embeddable":true,"href":"https:\/\/www.albinfo.at\/fr\/wp-json\/wp\/v2\/media\/865468"}],"wp:attachment":[{"href":"https:\/\/www.albinfo.at\/fr\/wp-json\/wp\/v2\/media?parent=865579"}],"wp:term":[{"taxonomy":"category","embeddable":true,"href":"https:\/\/www.albinfo.at\/fr\/wp-json\/wp\/v2\/categories?post=865579"},{"taxonomy":"post_tag","embeddable":true,"href":"https:\/\/www.albinfo.at\/fr\/wp-json\/wp\/v2\/tags?post=865579"},{"taxonomy":"vendi","embeddable":true,"href":"https:\/\/www.albinfo.at\/fr\/wp-json\/wp\/v2\/vendi?post=865579"},{"taxonomy":"content_country","embeddable":true,"href":"https:\/\/www.albinfo.at\/fr\/wp-json\/wp\/v2\/content_country?post=865579"}],"curies":[{"name":"wp","href":"https:\/\/api.w.org\/{rel}","templated":true}]}}