{"id":864534,"date":"2025-10-02T18:47:22","date_gmt":"2025-10-02T16:47:22","guid":{"rendered":"https:\/\/www.albinfo.ch\/?p=864534"},"modified":"2025-10-03T09:14:04","modified_gmt":"2025-10-03T07:14:04","slug":"la-suisse-u21-sappuie-sur-les-talents-albanais-pour-les-qualifications-de-leuro-2027","status":"publish","type":"post","link":"https:\/\/www.albinfo.at\/fr\/la-suisse-u21-sappuie-sur-les-talents-albanais-pour-les-qualifications-de-leuro-2027\/","title":{"rendered":"La Suisse U21 s\u2019appuie sur les talents albanais pour les qualifications de l\u2019Euro 2027"},"content":{"rendered":"<p data-start=\"153\" data-end=\"538\">L\u2019\u00e9quipe nationale suisse des moins de 21 ans (U21) a convoqu\u00e9 trois footballeurs d\u2019origine albanaise pour les matchs de qualification du Championnat d\u2019Europe 2027, qui se d\u00e9roulera en Albanie et en Serbie. Dans la liste de l\u2019entra\u00eeneur suisse figurent le gardien Gentrit Muslija, le milieu de terrain Dion Kacuri et l\u2019attaquant Labinot Bajrami, rapporte albinfo.ch.<\/p>\n<p data-start=\"540\" data-end=\"789\">Gentrit Muslija joue pour l\u2019\u00e9quipe de Wil en Suisse et est un gardien dot\u00e9 d\u2019un grand potentiel. Dion Kacuri, un milieu de terrain de 21 ans, fait partie du FC B\u00e2le, tandis que Labinot Bajrami, 20 ans, \u00e9volue dans l\u2019\u00e9quipe n\u00e9erlandaise de Helmond.<\/p>\n<p data-start=\"791\" data-end=\"837\">Les prochains matchs de la Suisse U21 sont :<\/p>\n<p data-start=\"839\" data-end=\"942\">10 octobre: Suisse U21 &#8211; Islande (\u00e0 domicile)<br data-start=\"885\" data-end=\"888\" \/>14 octobre: \u00celes F\u00e9ro\u00e9 &#8211; Suisse U21 (\u00e0 l\u2019ext\u00e9rieur)<\/p>\n<p data-start=\"944\" data-end=\"1135\">Pour ces rencontres, l\u2019entra\u00eeneur de la Suisse U21 a s\u00e9lectionn\u00e9 ces joueurs afin de renforcer l\u2019\u00e9quipe et d\u2019obtenir des r\u00e9sultats positifs dans le groupe de qualification pour l\u2019Euro 2027.<\/p>\n<p><img loading=\"lazy\" decoding=\"async\" class=\"\" src=\"https:\/\/resources.koha.net\/wysying\/2025\/October\/02\/9dc766e6-5a46-4242-adea-a450fd542d67.webp?q=90&amp;w=980\" width=\"500\" height=\"599\" \/><\/p>\n","protected":false},"excerpt":{"rendered":"<p>Trois Albanais sont convoqu\u00e9s avec la Suisse U21<\/p>\n","protected":false},"author":6,"featured_media":864361,"comment_status":"closed","ping_status":"closed","sticky":false,"template":"","format":"standard","meta":{"footnotes":""},"categories":[24630,24671,1169,1109],"tags":[],"vendi":[],"content_country":[31835,31838,31840],"class_list":["post-864534","post","type-post","status-publish","format-standard","has-post-thumbnail","hentry","category-nouvelles","category-football","category-sport-fr","category-non-classifiee","content_country-austria-fr","content_country-germany-fr","content_country-zvicer-fr"],"acf":[],"_links":{"self":[{"href":"https:\/\/www.albinfo.at\/fr\/wp-json\/wp\/v2\/posts\/864534","targetHints":{"allow":["GET"]}}],"collection":[{"href":"https:\/\/www.albinfo.at\/fr\/wp-json\/wp\/v2\/posts"}],"about":[{"href":"https:\/\/www.albinfo.at\/fr\/wp-json\/wp\/v2\/types\/post"}],"author":[{"embeddable":true,"href":"https:\/\/www.albinfo.at\/fr\/wp-json\/wp\/v2\/users\/6"}],"replies":[{"embeddable":true,"href":"https:\/\/www.albinfo.at\/fr\/wp-json\/wp\/v2\/comments?post=864534"}],"version-history":[{"count":1,"href":"https:\/\/www.albinfo.at\/fr\/wp-json\/wp\/v2\/posts\/864534\/revisions"}],"predecessor-version":[{"id":864539,"href":"https:\/\/www.albinfo.at\/fr\/wp-json\/wp\/v2\/posts\/864534\/revisions\/864539"}],"wp:featuredmedia":[{"embeddable":true,"href":"https:\/\/www.albinfo.at\/fr\/wp-json\/wp\/v2\/media\/864361"}],"wp:attachment":[{"href":"https:\/\/www.albinfo.at\/fr\/wp-json\/wp\/v2\/media?parent=864534"}],"wp:term":[{"taxonomy":"category","embeddable":true,"href":"https:\/\/www.albinfo.at\/fr\/wp-json\/wp\/v2\/categories?post=864534"},{"taxonomy":"post_tag","embeddable":true,"href":"https:\/\/www.albinfo.at\/fr\/wp-json\/wp\/v2\/tags?post=864534"},{"taxonomy":"vendi","embeddable":true,"href":"https:\/\/www.albinfo.at\/fr\/wp-json\/wp\/v2\/vendi?post=864534"},{"taxonomy":"content_country","embeddable":true,"href":"https:\/\/www.albinfo.at\/fr\/wp-json\/wp\/v2\/content_country?post=864534"}],"curies":[{"name":"wp","href":"https:\/\/api.w.org\/{rel}","templated":true}]}}