{"id":863967,"date":"2025-09-30T20:10:49","date_gmt":"2025-09-30T18:10:49","guid":{"rendered":"https:\/\/www.albinfo.ch\/?p=863967"},"modified":"2025-09-30T22:36:04","modified_gmt":"2025-09-30T20:36:04","slug":"kurti-depuis-new-york-le-kosovo-allie-indefectible-des-etats-unis","status":"publish","type":"post","link":"https:\/\/www.albinfo.at\/fr\/kurti-depuis-new-york-le-kosovo-allie-indefectible-des-etats-unis\/","title":{"rendered":"Kurti depuis New York: le Kosovo, alli\u00e9 ind\u00e9fectible des \u00c9tats-Unis"},"content":{"rendered":"<p data-start=\"0\" data-end=\"458\">Le Premier ministre du Kosovo, Albin Kurti, lors de sa visite \u00e0 New York, a particip\u00e9 \u00e0 une discussion organis\u00e9e par le Hudson Institute, sur le th\u00e8me &#8221; Le partenariat croissant Kosovo-\u00c9tats-Unis dans la d\u00e9fense et le d\u00e9veloppement &#8220;. Dans son discours, Kurti a soulign\u00e9 que les relations entre le Kosovo et les \u00c9tats-Unis sont pass\u00e9es d\u2019un partenariat d\u2019apr\u00e8s-guerre \u00e0 une alliance politique, militaire et de d\u00e9veloppement \u00e0 part enti\u00e8re.<\/p>\n<p data-start=\"460\" data-end=\"802\">&#8221; Le Kosovo aujourd\u2019hui n\u2019est pas seulement un \u00c9tat post-conflit sous la protection de l\u2019OTAN, mais un alli\u00e9 de confiance et un contributeur \u00e0 la s\u00e9curit\u00e9. Avec les \u00c9tats-Unis, nous partageons non seulement des valeurs, mais aussi une action concr\u00e8te dans les domaines de la d\u00e9fense, de la diplomatie et du d\u00e9veloppement &#8220;, a d\u00e9clar\u00e9 Kurti.<\/p>\n<p data-start=\"804\" data-end=\"1256\"><strong data-start=\"804\" data-end=\"827\">D\u00e9fense et s\u00e9curit\u00e9<\/strong><br data-start=\"827\" data-end=\"830\" \/>Le chef du gouvernement a rappel\u00e9 le r\u00f4le d\u00e9cisif de l\u2019OTAN en 1999, soulignant que la lib\u00e9ration du Kosovo et son chemin vers l\u2019ind\u00e9pendance ont \u00e9t\u00e9 rendus possibles gr\u00e2ce \u00e0 l\u2019intervention de l\u2019Alliance et au soutien ind\u00e9fectible des \u00c9tats-Unis. Il a mis en avant la transformation de la Force de s\u00e9curit\u00e9 du Kosovo (FSK), qui participe d\u00e9sormais \u00e0 des missions internationales et a consid\u00e9rablement renforc\u00e9 ses capacit\u00e9s.<\/p>\n<p data-start=\"1258\" data-end=\"1774\">Kurti a \u00e9voqu\u00e9 le quadruplement du budget de la d\u00e9fense, l\u2019acquisition de syst\u00e8mes modernes tels que Javelin, UAV et ASV, ainsi que les discussions autour des h\u00e9licopt\u00e8res Black Hawk. Il a soulign\u00e9 que le Kosovo fait d\u00e9sormais partie d\u2019accords avanc\u00e9s avec les \u00c9tats-Unis pour la protection des informations classifi\u00e9es et coop\u00e8re \u00e9troitement dans le soutien \u00e0 l\u2019Ukraine, en formant du personnel, en faisant don d\u2019\u00e9quipements et en appliquant des sanctions contre la Russie, la Bi\u00e9lorussie, l\u2019Iran et le Hezbollah.<\/p>\n<p data-start=\"1776\" data-end=\"2120\"><strong data-start=\"1776\" data-end=\"1804\">D\u00e9veloppement \u00e9conomique<\/strong><br data-start=\"1804\" data-end=\"1807\" \/>Sur le plan \u00e9conomique, Kurti a insist\u00e9 sur le r\u00f4le majeur des \u00c9tats-Unis en tant que partenaire strat\u00e9gique. &#8221; Mon gouvernement a r\u00e9duit \u00e0 0 % les droits de douane sur tous les produits fabriqu\u00e9s aux \u00c9tats-Unis, renfor\u00e7ant nos liens commerciaux et encourageant les investissements am\u00e9ricains &#8220;, a-t-il d\u00e9clar\u00e9.<\/p>\n<p data-start=\"2122\" data-end=\"2468\">Il a \u00e9galement mentionn\u00e9 la subvention de plus de 200 millions de dollars du MCC Compact, ax\u00e9e sur le stockage de l\u2019\u00e9nergie dans des batteries, ainsi que les projets de General Electric pour moderniser la centrale thermique Kosova B. Selon lui, ces investissements repr\u00e9sentent \u00e0 la fois un d\u00e9veloppement \u00e9conomique et une s\u00e9curit\u00e9 \u00e9nerg\u00e9tique.<\/p>\n<p data-start=\"2470\" data-end=\"2852\"><strong data-start=\"2470\" data-end=\"2491\">Contexte r\u00e9gional<\/strong><br data-start=\"2491\" data-end=\"2494\" \/>Kurti a mis en garde contre la menace que repr\u00e9sente la Russie dans la r\u00e9gion et le r\u00f4le d\u00e9stabilisateur de la Serbie. Il a critiqu\u00e9 le pr\u00e9sident serbe Aleksandar Vu\u010di\u0107 pour son refus d\u2019appliquer des sanctions \u00e0 Moscou et pour ses liens \u00e9troits avec le Kremlin, qualifiant cette attitude de \u00ab jeu de temps et d\u2019exploitation des divisions au sein de l\u2019UE \u00bb.<\/p>\n<p data-start=\"2854\" data-end=\"3065\">&#8221; Le Kosovo est une ligne de d\u00e9fense de premi\u00e8re importance contre les influences dangereuses. Nos institutions sont solides, transparentes et \u00e9troitement li\u00e9es \u00e0 nos partenaires occidentaux &#8220;, a-t-il affirm\u00e9.<\/p>\n<p data-start=\"3067\" data-end=\"3367\"><strong data-start=\"3067\" data-end=\"3084\">Message final<\/strong><br data-start=\"3084\" data-end=\"3087\" \/>En conclusion de son discours, le Premier ministre Kurti a soulign\u00e9 que le Kosovo ne souhaite pas \u00eatre vu seulement comme b\u00e9n\u00e9ficiaire du soutien de l\u2019OTAN et des \u00c9tats-Unis, mais comme un contributeur \u00e0 la s\u00e9curit\u00e9, un partenaire dans le d\u00e9veloppement et un alli\u00e9 ind\u00e9fectible.<\/p>\n<p data-start=\"3369\" data-end=\"3654\">&#8221; Dans une r\u00e9gion o\u00f9 l\u2019influence russe exploite les divisions, le Kosovo reste fermement aux c\u00f4t\u00e9s des \u00c9tats-Unis &#8211; en paroles, en politiques et en actions &#8220;, a-t-il d\u00e9clar\u00e9, ajoutant que le partenariat Kosovo\u2013\u00c9tats-Unis repose sur des principes, des valeurs et des int\u00e9r\u00eats communs.<\/p>\n","protected":false},"excerpt":{"rendered":"<p>Kurti \u00e0 l\u2019Hudson Institute: le partenariat Kosovo\u2013\u00c9tats-Unis entre dans une nouvelle phase<\/p>\n","protected":false},"author":6,"featured_media":863777,"comment_status":"closed","ping_status":"closed","sticky":false,"template":"","format":"standard","meta":{"footnotes":""},"categories":[1109],"tags":[],"vendi":[],"content_country":[],"class_list":["post-863967","post","type-post","status-publish","format-standard","has-post-thumbnail","hentry","category-non-classifiee"],"acf":[],"_links":{"self":[{"href":"https:\/\/www.albinfo.at\/fr\/wp-json\/wp\/v2\/posts\/863967","targetHints":{"allow":["GET"]}}],"collection":[{"href":"https:\/\/www.albinfo.at\/fr\/wp-json\/wp\/v2\/posts"}],"about":[{"href":"https:\/\/www.albinfo.at\/fr\/wp-json\/wp\/v2\/types\/post"}],"author":[{"embeddable":true,"href":"https:\/\/www.albinfo.at\/fr\/wp-json\/wp\/v2\/users\/6"}],"replies":[{"embeddable":true,"href":"https:\/\/www.albinfo.at\/fr\/wp-json\/wp\/v2\/comments?post=863967"}],"version-history":[{"count":1,"href":"https:\/\/www.albinfo.at\/fr\/wp-json\/wp\/v2\/posts\/863967\/revisions"}],"predecessor-version":[{"id":863971,"href":"https:\/\/www.albinfo.at\/fr\/wp-json\/wp\/v2\/posts\/863967\/revisions\/863971"}],"wp:featuredmedia":[{"embeddable":true,"href":"https:\/\/www.albinfo.at\/fr\/wp-json\/wp\/v2\/media\/863777"}],"wp:attachment":[{"href":"https:\/\/www.albinfo.at\/fr\/wp-json\/wp\/v2\/media?parent=863967"}],"wp:term":[{"taxonomy":"category","embeddable":true,"href":"https:\/\/www.albinfo.at\/fr\/wp-json\/wp\/v2\/categories?post=863967"},{"taxonomy":"post_tag","embeddable":true,"href":"https:\/\/www.albinfo.at\/fr\/wp-json\/wp\/v2\/tags?post=863967"},{"taxonomy":"vendi","embeddable":true,"href":"https:\/\/www.albinfo.at\/fr\/wp-json\/wp\/v2\/vendi?post=863967"},{"taxonomy":"content_country","embeddable":true,"href":"https:\/\/www.albinfo.at\/fr\/wp-json\/wp\/v2\/content_country?post=863967"}],"curies":[{"name":"wp","href":"https:\/\/api.w.org\/{rel}","templated":true}]}}