{"id":863780,"date":"2025-09-29T16:15:18","date_gmt":"2025-09-29T14:15:18","guid":{"rendered":"https:\/\/www.albinfo.ch\/?p=863780"},"modified":"2025-09-30T09:58:45","modified_gmt":"2025-09-30T07:58:45","slug":"il-a-place-le-kosovo-avant-la-suisse-ademi-albiani-a-choisi-avec-le-coeur-et-grace-a-un-lien-fort-avec-sa-patrie","status":"publish","type":"post","link":"https:\/\/www.albinfo.at\/fr\/il-a-place-le-kosovo-avant-la-suisse-ademi-albiani-a-choisi-avec-le-coeur-et-grace-a-un-lien-fort-avec-sa-patrie\/","title":{"rendered":"Il a plac\u00e9 le Kosovo avant la Suisse, Ademi: Albiani a choisi avec le c\u0153ur et gr\u00e2ce \u00e0 un lien fort avec sa patrie"},"content":{"rendered":"<p data-start=\"0\" data-end=\"227\">Albian Hajdari est le plus jeune footballeur s\u00e9lectionn\u00e9 dans l\u2019\u00e9quipe nationale du Kosovo. Il a choisi de repr\u00e9senter le Kosovo, m\u00eame s\u2019il avait auparavant jou\u00e9 pour toutes les cat\u00e9gories d\u2019\u00e2ge de la Suisse.<\/p>\n<p data-start=\"229\" data-end=\"463\">Le pr\u00e9sident de la F\u00e9d\u00e9ration de football du Kosovo, Agim Ademi, a soulign\u00e9 dans une interview accord\u00e9e \u00e0 KosovaPress que la d\u00e9cision de Hajdari d\u00e9coule de son lien profond avec sa patrie et de l\u2019influence importante de ses parents.<\/p>\n<p data-start=\"465\" data-end=\"751\">&#8220;Albian Hajdari a choisi le Kosovo avec son c\u0153ur, avec la foi en son pays d\u2019origine. Je remercie ses parents qui l\u2019ont \u00e9lev\u00e9 avec amour pour la patrie, m\u00eame s\u2019il est n\u00e9 et a grandi en Suisse. La Suisse comprend l\u2019importance du lien avec les origines et l\u2019identit\u00e9 &#8220;, a d\u00e9clar\u00e9 Ademi.<\/p>\n<p data-start=\"753\" data-end=\"941\">Il a ajout\u00e9 que ce n\u2019est qu\u2019un des nouveaux renforts pour l\u2019\u00e9quipe nationale, en mentionnant \u00e9galement d\u2019autres joueurs comme Fisnik Asllani et Leon Avdullahu, qui \u00e9voluent \u00e0 Hoffenheim.<\/p>\n<p data-start=\"943\" data-end=\"1047\">&#8221; Je souhaite que tous continuent \u00e0 r\u00e9ussir dans leurs clubs et en \u00e9quipe nationale &#8220;, a conclu Ademi.<\/p>\n<p data-start=\"1049\" data-end=\"1292\">C\u2019est le deuxi\u00e8me cas en quelques semaines o\u00f9 un joueur n\u00e9 ou \u00e9lev\u00e9 \u00e0 l\u2019\u00e9tranger choisit de jouer pour l\u2019\u00e9quipe du Kosovo, apr\u00e8s Leon Avdullahu. Toutefois, Ademi exclut tout conflit avec la F\u00e9d\u00e9ration suisse de football, rapporte albinfo.ch.<\/p>\n<p data-start=\"1294\" data-end=\"1518\">&#8220;Nous n\u2019avons aucun conflit avec la Suisse. Nos relations sont tr\u00e8s bonnes. Nous leur souhaitons du succ\u00e8s, et eux choisissent les meilleurs joueurs possibles, tout comme nous le faisons avec les n\u00f4tres &#8220;, a-t-il pr\u00e9cis\u00e9.<\/p>\n<p data-start=\"1520\" data-end=\"1891\">Interrog\u00e9 sur le fait de savoir si Hajdari serait le rempla\u00e7ant d\u2019Amir Rrahmani en d\u00e9fense centrale, Ademi a r\u00e9pondu:<br data-start=\"1638\" data-end=\"1641\" \/>&#8221; Albian n\u2019a que 21 ans et il est appel\u00e9 \u00e0 faire partie de l\u2019\u00e9quipe nationale pendant de nombreuses ann\u00e9es. Il n\u2019est pas seulement un rempla\u00e7ant de Rrahmani, mais nous allons construire un duo avec lui, puisque Rrahmani ne partira pas maintenant. &#8220;<\/p>\n<p data-start=\"1893\" data-end=\"2072\">Enfin, Ademi a soulign\u00e9 que la F\u00e9d\u00e9ration de football du Kosovo continuera \u00e0 rechercher et promouvoir de jeunes talents capables de contribuer aux progr\u00e8s de l\u2019\u00e9quipe nationale.<\/p>\n<p>&nbsp;<\/p>\n","protected":false},"excerpt":{"rendered":"<p>Albian Hajdari est le plus jeune footballeur s\u00e9lectionn\u00e9 dans l\u2019\u00e9quipe nationale du Kosovo. Il a choisi de repr\u00e9senter le Kosovo, m\u00eame s\u2019il avait auparavant jou\u00e9 pour toutes les cat\u00e9gories d\u2019\u00e2ge de la Suisse. Le pr\u00e9sident de la F\u00e9d\u00e9ration de football du Kosovo, Agim Ademi, a soulign\u00e9 dans une interview accord\u00e9e \u00e0 KosovaPress que la d\u00e9cision [&hellip;]<\/p>\n","protected":false},"author":6,"featured_media":863625,"comment_status":"closed","ping_status":"closed","sticky":false,"template":"","format":"standard","meta":{"footnotes":""},"categories":[1109],"tags":[],"vendi":[],"content_country":[],"class_list":["post-863780","post","type-post","status-publish","format-standard","has-post-thumbnail","hentry","category-non-classifiee"],"acf":[],"_links":{"self":[{"href":"https:\/\/www.albinfo.at\/fr\/wp-json\/wp\/v2\/posts\/863780","targetHints":{"allow":["GET"]}}],"collection":[{"href":"https:\/\/www.albinfo.at\/fr\/wp-json\/wp\/v2\/posts"}],"about":[{"href":"https:\/\/www.albinfo.at\/fr\/wp-json\/wp\/v2\/types\/post"}],"author":[{"embeddable":true,"href":"https:\/\/www.albinfo.at\/fr\/wp-json\/wp\/v2\/users\/6"}],"replies":[{"embeddable":true,"href":"https:\/\/www.albinfo.at\/fr\/wp-json\/wp\/v2\/comments?post=863780"}],"version-history":[{"count":1,"href":"https:\/\/www.albinfo.at\/fr\/wp-json\/wp\/v2\/posts\/863780\/revisions"}],"predecessor-version":[{"id":863788,"href":"https:\/\/www.albinfo.at\/fr\/wp-json\/wp\/v2\/posts\/863780\/revisions\/863788"}],"wp:featuredmedia":[{"embeddable":true,"href":"https:\/\/www.albinfo.at\/fr\/wp-json\/wp\/v2\/media\/863625"}],"wp:attachment":[{"href":"https:\/\/www.albinfo.at\/fr\/wp-json\/wp\/v2\/media?parent=863780"}],"wp:term":[{"taxonomy":"category","embeddable":true,"href":"https:\/\/www.albinfo.at\/fr\/wp-json\/wp\/v2\/categories?post=863780"},{"taxonomy":"post_tag","embeddable":true,"href":"https:\/\/www.albinfo.at\/fr\/wp-json\/wp\/v2\/tags?post=863780"},{"taxonomy":"vendi","embeddable":true,"href":"https:\/\/www.albinfo.at\/fr\/wp-json\/wp\/v2\/vendi?post=863780"},{"taxonomy":"content_country","embeddable":true,"href":"https:\/\/www.albinfo.at\/fr\/wp-json\/wp\/v2\/content_country?post=863780"}],"curies":[{"name":"wp","href":"https:\/\/api.w.org\/{rel}","templated":true}]}}