{"id":862316,"date":"2025-09-23T22:05:03","date_gmt":"2025-09-23T20:05:03","guid":{"rendered":"https:\/\/www.albinfo.ch\/?p=862316"},"modified":"2025-09-23T22:05:24","modified_gmt":"2025-09-23T20:05:24","slug":"le-journal-suedois-le-petit-kosovo-a-de-grands-reves-pour-le-tourisme","status":"publish","type":"post","link":"https:\/\/www.albinfo.at\/fr\/le-journal-suedois-le-petit-kosovo-a-de-grands-reves-pour-le-tourisme\/","title":{"rendered":"Le journal su\u00e9dois: Le petit Kosovo a de grands r\u00eaves pour le tourisme"},"content":{"rendered":"<p data-start=\"32\" data-end=\"238\">Le prestigieux journal su\u00e9dois <em data-start=\"63\" data-end=\"82\">Svenska Dagbladet<\/em> a consacr\u00e9 un article sp\u00e9cial au Kosovo, le pr\u00e9sentant comme une nouvelle destination prometteuse pour les touristes internationaux, rapporte albinfo.ch.<\/p>\n<p data-start=\"240\" data-end=\"514\">Selon l\u2019article, le Kosovo, bien que petit pays au c\u0153ur des Balkans, poss\u00e8de un grand potentiel pour attirer des visiteurs gr\u00e2ce \u00e0 la combinaison unique de sa nature pr\u00e9serv\u00e9e, de sa culture riche et de son hospitalit\u00e9 qui marque durablement la m\u00e9moire de chaque voyageur.<\/p>\n<p data-start=\"516\" data-end=\"679\">Une nature grandiose &#8211; Montagnes, vall\u00e9es et parcs nationaux offrent des paysages impressionnants aux randonneurs, aux alpinistes et aux amateurs d\u2019aventure.<\/p>\n<p data-start=\"681\" data-end=\"863\">Une cuisine authentique &#8211; La tradition culinaire locale, bas\u00e9e sur des produits frais et des saveurs particuli\u00e8res, fait partie d\u2019une exp\u00e9rience inoubliable pour les touristes.<\/p>\n<p><a href=\"https:\/\/www.svd.se\/a\/MnO4xM\/resa-i-kosovo-att-besoka-europas-yngsta-nation?fbclid=IwY2xjawM-lFpleHRuA2FlbQIxMQABHq9xGnlpvKLuYjr80BdI1ShvoNm62v3YqM0n0Pj7Mq5pL32esjeqhxk_8mVN_aem_lfSOFB2_y-T9tR7LDiVaDA\">https:\/\/www.svd.se\/a\/MnO4xM\/resa-i-kosovo-att-besoka-europas-yngsta-nation?fbclid=IwY2xjawM-lFpleHRuA2FlbQIxMQABHq9xGnlpvKLuYjr80BdI1ShvoNm62v3YqM0n0Pj7Mq5pL32esjeqhxk_8mVN_aem_lfSOFB2_y-T9tR7LDiVaDA<\/a><\/p>\n<p data-start=\"32\" data-end=\"261\">Architecture et culture uniques &#8211; Des monuments historiques jusqu\u2019aux b\u00e2timents embl\u00e9matiques comme la Biblioth\u00e8que nationale de Pristina, le Kosovo offre une v\u00e9ritable mosa\u00efque de patrimoine culturel et d\u2019identit\u00e9 moderne.<\/p>\n<p data-start=\"263\" data-end=\"459\">Une hospitalit\u00e9 chaleureuse &#8211; L\u2019une des plus grandes richesses du pays r\u00e9side dans la proximit\u00e9 et la g\u00e9n\u00e9rosit\u00e9 de ses habitants, qui laissent une empreinte ind\u00e9l\u00e9bile chez chaque visiteur.<\/p>\n<p data-start=\"461\" data-end=\"843\">L\u2019article met \u00e9galement en avant l\u2019\u00e9nergie et la cr\u00e9ativit\u00e9 de la jeune g\u00e9n\u00e9ration kosovare, qui construit l\u2019image du Kosovo comme une destination touristique offrant bien plus que de simples visites. Des promenades dans les villes historiques aux festivals et \u00e9v\u00e9nements culturels modernes, le Kosovo est pr\u00eat \u00e0 raconter son histoire et \u00e0 accueillir les visiteurs \u00e0 bras ouverts.<\/p>\n<p data-start=\"845\" data-end=\"957\">&#8221; Le Kosovo est petit sur la carte, mais ses r\u00eaves pour le tourisme sont grands &#8220;, conclut le journal su\u00e9dois.<\/p>\n","protected":false},"excerpt":{"rendered":"<p>Le journal su\u00e9dois loue le potentiel touristique du Kosovo<\/p>\n","protected":false},"author":6,"featured_media":862159,"comment_status":"closed","ping_status":"closed","sticky":false,"template":"","format":"standard","meta":{"footnotes":""},"categories":[3944,3949,24630,1159],"tags":[],"vendi":[],"content_country":[31835,31838,31840],"class_list":["post-862316","post","type-post","status-publish","format-standard","has-post-thumbnail","hentry","category-turizmi-fr","category-kosova-fr","category-nouvelles","category-ch-balkans","content_country-austria-fr","content_country-germany-fr","content_country-zvicer-fr"],"acf":[],"_links":{"self":[{"href":"https:\/\/www.albinfo.at\/fr\/wp-json\/wp\/v2\/posts\/862316","targetHints":{"allow":["GET"]}}],"collection":[{"href":"https:\/\/www.albinfo.at\/fr\/wp-json\/wp\/v2\/posts"}],"about":[{"href":"https:\/\/www.albinfo.at\/fr\/wp-json\/wp\/v2\/types\/post"}],"author":[{"embeddable":true,"href":"https:\/\/www.albinfo.at\/fr\/wp-json\/wp\/v2\/users\/6"}],"replies":[{"embeddable":true,"href":"https:\/\/www.albinfo.at\/fr\/wp-json\/wp\/v2\/comments?post=862316"}],"version-history":[{"count":1,"href":"https:\/\/www.albinfo.at\/fr\/wp-json\/wp\/v2\/posts\/862316\/revisions"}],"predecessor-version":[{"id":862317,"href":"https:\/\/www.albinfo.at\/fr\/wp-json\/wp\/v2\/posts\/862316\/revisions\/862317"}],"wp:featuredmedia":[{"embeddable":true,"href":"https:\/\/www.albinfo.at\/fr\/wp-json\/wp\/v2\/media\/862159"}],"wp:attachment":[{"href":"https:\/\/www.albinfo.at\/fr\/wp-json\/wp\/v2\/media?parent=862316"}],"wp:term":[{"taxonomy":"category","embeddable":true,"href":"https:\/\/www.albinfo.at\/fr\/wp-json\/wp\/v2\/categories?post=862316"},{"taxonomy":"post_tag","embeddable":true,"href":"https:\/\/www.albinfo.at\/fr\/wp-json\/wp\/v2\/tags?post=862316"},{"taxonomy":"vendi","embeddable":true,"href":"https:\/\/www.albinfo.at\/fr\/wp-json\/wp\/v2\/vendi?post=862316"},{"taxonomy":"content_country","embeddable":true,"href":"https:\/\/www.albinfo.at\/fr\/wp-json\/wp\/v2\/content_country?post=862316"}],"curies":[{"name":"wp","href":"https:\/\/api.w.org\/{rel}","templated":true}]}}