{"id":861943,"date":"2025-09-21T20:54:01","date_gmt":"2025-09-21T18:54:01","guid":{"rendered":"https:\/\/www.albinfo.ch\/?p=861943"},"modified":"2025-09-21T20:54:01","modified_gmt":"2025-09-21T18:54:01","slug":"le-kosovo-brille-au-technofest-2025-atteignant-les-finales-du-festival-international-de-la-technologie","status":"publish","type":"post","link":"https:\/\/www.albinfo.at\/fr\/le-kosovo-brille-au-technofest-2025-atteignant-les-finales-du-festival-international-de-la-technologie\/","title":{"rendered":"Le Kosovo brille au Technofest 2025, atteignant les finales du Festival International de la Technologie."},"content":{"rendered":"<p data-start=\"21\" data-end=\"327\">Une r\u00e9ussite historique pour le Kosovo dans le domaine de la technologie. L\u2019\u00e9quipe kosovare &#8221; EngineeringHER Future &#8221; est la seule \u00e0 s\u2019\u00eatre qualifi\u00e9e pour les finales du TEKNOFEST 2025, le plus grand festival international de l\u2019aviation, de l\u2019espace et de la technologie, organis\u00e9 cette ann\u00e9e \u00e0 Istanbul.<\/p>\n<p data-start=\"329\" data-end=\"629\">Cette \u00e9dition du TEKNOFEST a attir\u00e9 plus de 565 000 \u00e9quipes et 1,2 million de participants issus de 96 pays, ce qui rend la pr\u00e9sence du Kosovo parmi les finalistes un succ\u00e8s exceptionnel et une preuve du potentiel de nos jeunes dans les domaines de la science, de l\u2019innovation et de la technologie.<\/p>\n<p data-start=\"631\" data-end=\"1074\">Lors de leur s\u00e9jour \u00e0 Istanbul, l\u2019\u00e9quipe a rencontr\u00e9 Sel\u00e7uk Bayraktar, directeur de l\u2019entreprise turque de technologie Baykar et pr\u00e9sident du TEKNOFEST, qui a visit\u00e9 le stand du Kosovo et s\u2019est familiaris\u00e9 de pr\u00e8s avec le projet\u00a0 &#8220;EngineeringHER Future &#8220;. Cette rencontre constitue un moment important, offrant une reconnaissance internationale et une motivation pour les nouvelles g\u00e9n\u00e9rations int\u00e9ress\u00e9es par la technologie et l\u2019innovation.<\/p>\n<p data-start=\"1076\" data-end=\"1452\">&#8221; Cette r\u00e9ussite a une signification particuli\u00e8re pour les citoyens du Kosovo, en particulier pour les jeunes qui aspirent \u00e0 se consacrer \u00e0 la science, \u00e0 la technologie et \u00e0 l\u2019entrepreneuriat. Nous sommes fiers d\u2019avoir repr\u00e9sent\u00e9 notre pays dans un \u00e9v\u00e9nement aussi important et esp\u00e9rons que notre histoire inspirera beaucoup d\u2019autres &#8220;, ont soulign\u00e9 les membres de l\u2019\u00e9quipe.<\/p>\n<p data-start=\"1454\" data-end=\"1667\">Au cours des cinq jours du festival, les participants ont pr\u00e9sent\u00e9 des innovations dans les domaines de la robotique, de l\u2019intelligence artificielle, de l\u2019espace, de la m\u00e9decine num\u00e9rique et de la cybers\u00e9curit\u00e9.<\/p>\n","protected":false},"excerpt":{"rendered":"<p>Une r\u00e9ussite historique pour le Kosovo dans le domaine de la technologie. L\u2019\u00e9quipe kosovare &#8221; EngineeringHER Future &#8221; est la seule \u00e0 s\u2019\u00eatre qualifi\u00e9e pour les finales du TEKNOFEST 2025, le plus grand festival international de l\u2019aviation, de l\u2019espace et de la technologie, organis\u00e9 cette ann\u00e9e \u00e0 Istanbul. Cette \u00e9dition du TEKNOFEST a attir\u00e9 plus [&hellip;]<\/p>\n","protected":false},"author":6,"featured_media":861870,"comment_status":"closed","ping_status":"closed","sticky":false,"template":"","format":"standard","meta":{"footnotes":""},"categories":[33083,23271,1160,3949,23277,23270,24620,24630,24634,1159],"tags":[],"vendi":[],"content_country":[31835,31838,31840],"class_list":["post-861943","post","type-post","status-publish","format-standard","has-post-thumbnail","hentry","category-de-balkani-fr","category-kosovo","category-actuel","category-kosova-fr","category-news-fr","category-at-balkani-fr","category-kosova-fr-2","category-nouvelles","category-nouvelles-fr-3","category-ch-balkans","content_country-austria-fr","content_country-germany-fr","content_country-zvicer-fr"],"acf":[],"_links":{"self":[{"href":"https:\/\/www.albinfo.at\/fr\/wp-json\/wp\/v2\/posts\/861943","targetHints":{"allow":["GET"]}}],"collection":[{"href":"https:\/\/www.albinfo.at\/fr\/wp-json\/wp\/v2\/posts"}],"about":[{"href":"https:\/\/www.albinfo.at\/fr\/wp-json\/wp\/v2\/types\/post"}],"author":[{"embeddable":true,"href":"https:\/\/www.albinfo.at\/fr\/wp-json\/wp\/v2\/users\/6"}],"replies":[{"embeddable":true,"href":"https:\/\/www.albinfo.at\/fr\/wp-json\/wp\/v2\/comments?post=861943"}],"version-history":[{"count":1,"href":"https:\/\/www.albinfo.at\/fr\/wp-json\/wp\/v2\/posts\/861943\/revisions"}],"predecessor-version":[{"id":861944,"href":"https:\/\/www.albinfo.at\/fr\/wp-json\/wp\/v2\/posts\/861943\/revisions\/861944"}],"wp:featuredmedia":[{"embeddable":true,"href":"https:\/\/www.albinfo.at\/fr\/wp-json\/wp\/v2\/media\/861870"}],"wp:attachment":[{"href":"https:\/\/www.albinfo.at\/fr\/wp-json\/wp\/v2\/media?parent=861943"}],"wp:term":[{"taxonomy":"category","embeddable":true,"href":"https:\/\/www.albinfo.at\/fr\/wp-json\/wp\/v2\/categories?post=861943"},{"taxonomy":"post_tag","embeddable":true,"href":"https:\/\/www.albinfo.at\/fr\/wp-json\/wp\/v2\/tags?post=861943"},{"taxonomy":"vendi","embeddable":true,"href":"https:\/\/www.albinfo.at\/fr\/wp-json\/wp\/v2\/vendi?post=861943"},{"taxonomy":"content_country","embeddable":true,"href":"https:\/\/www.albinfo.at\/fr\/wp-json\/wp\/v2\/content_country?post=861943"}],"curies":[{"name":"wp","href":"https:\/\/api.w.org\/{rel}","templated":true}]}}