{"id":861395,"date":"2025-09-18T23:24:13","date_gmt":"2025-09-18T21:24:13","guid":{"rendered":"https:\/\/www.albinfo.ch\/?p=861395"},"modified":"2025-09-18T23:25:35","modified_gmt":"2025-09-18T21:25:35","slug":"la-suisse-se-classe-au-17e-rang-du-classement-fifa","status":"publish","type":"post","link":"https:\/\/www.albinfo.at\/fr\/la-suisse-se-classe-au-17e-rang-du-classement-fifa\/","title":{"rendered":"La Suisse se classe au 17e rang du classement FIFA."},"content":{"rendered":"<p data-start=\"166\" data-end=\"343\">L\u2019\u00e9quipe nationale de Suisse a am\u00e9lior\u00e9 sa position dans le dernier classement de la FIFA, gagnant deux places pour occuper d\u00e9sormais le 17e rang mondial, rapporte albinfo.ch.<\/p>\n<p data-start=\"345\" data-end=\"661\">L\u2019\u00e9quipe dirig\u00e9e par l\u2019entra\u00eeneur Murat Yakin a r\u00e9alis\u00e9 cette progression gr\u00e2ce \u00e0 d\u2019importantes victoires contre le Kosovo et la Slov\u00e9nie au d\u00e9but de la campagne de qualification pour la Coupe du monde 2026. Ces r\u00e9sultats ont permis aux Suisses de d\u00e9passer les s\u00e9lections du S\u00e9n\u00e9gal et du Japon dans le classement.<\/p>\n<p data-start=\"663\" data-end=\"749\">En Europe, la Suisse reste \u00e0 la 10e place parmi les meilleures \u00e9quipes du continent.<\/p>\n<p data-start=\"751\" data-end=\"988\">En t\u00eate du classement, il y a \u00e9galement eu des changements : l\u2019Espagne est mont\u00e9e \u00e0 la premi\u00e8re place pour la premi\u00e8re fois depuis juin 2014, rempla\u00e7ant l\u2019Argentine, championne du monde en titre, qui occupait la t\u00eate depuis avril 2023.<\/p>\n<p data-start=\"990\" data-end=\"1060\">Par ailleurs, l\u2019Allemagne a recul\u00e9, passant de la 9e \u00e0 la 12e place.<\/p>\n","protected":false},"excerpt":{"rendered":"<p>Classement mondial de la FIFA: L&#8217;\u00e9quipe suisse monte de deux places<\/p>\n","protected":false},"author":6,"featured_media":858053,"comment_status":"closed","ping_status":"closed","sticky":false,"template":"","format":"standard","meta":{"footnotes":""},"categories":[18826,24630,24671,1169,1170],"tags":[],"vendi":[],"content_country":[31835,31838,31840],"class_list":["post-861395","post","type-post","status-publish","format-standard","has-post-thumbnail","hentry","category-lajme-jeta-ne-zvicer-fr","category-nouvelles","category-football","category-sport-fr","category-vivre-en-suisse","content_country-austria-fr","content_country-germany-fr","content_country-zvicer-fr"],"acf":[],"_links":{"self":[{"href":"https:\/\/www.albinfo.at\/fr\/wp-json\/wp\/v2\/posts\/861395","targetHints":{"allow":["GET"]}}],"collection":[{"href":"https:\/\/www.albinfo.at\/fr\/wp-json\/wp\/v2\/posts"}],"about":[{"href":"https:\/\/www.albinfo.at\/fr\/wp-json\/wp\/v2\/types\/post"}],"author":[{"embeddable":true,"href":"https:\/\/www.albinfo.at\/fr\/wp-json\/wp\/v2\/users\/6"}],"replies":[{"embeddable":true,"href":"https:\/\/www.albinfo.at\/fr\/wp-json\/wp\/v2\/comments?post=861395"}],"version-history":[{"count":1,"href":"https:\/\/www.albinfo.at\/fr\/wp-json\/wp\/v2\/posts\/861395\/revisions"}],"predecessor-version":[{"id":861396,"href":"https:\/\/www.albinfo.at\/fr\/wp-json\/wp\/v2\/posts\/861395\/revisions\/861396"}],"wp:featuredmedia":[{"embeddable":true,"href":"https:\/\/www.albinfo.at\/fr\/wp-json\/wp\/v2\/media\/858053"}],"wp:attachment":[{"href":"https:\/\/www.albinfo.at\/fr\/wp-json\/wp\/v2\/media?parent=861395"}],"wp:term":[{"taxonomy":"category","embeddable":true,"href":"https:\/\/www.albinfo.at\/fr\/wp-json\/wp\/v2\/categories?post=861395"},{"taxonomy":"post_tag","embeddable":true,"href":"https:\/\/www.albinfo.at\/fr\/wp-json\/wp\/v2\/tags?post=861395"},{"taxonomy":"vendi","embeddable":true,"href":"https:\/\/www.albinfo.at\/fr\/wp-json\/wp\/v2\/vendi?post=861395"},{"taxonomy":"content_country","embeddable":true,"href":"https:\/\/www.albinfo.at\/fr\/wp-json\/wp\/v2\/content_country?post=861395"}],"curies":[{"name":"wp","href":"https:\/\/api.w.org\/{rel}","templated":true}]}}