{"id":860991,"date":"2025-09-17T18:37:32","date_gmt":"2025-09-17T16:37:32","guid":{"rendered":"https:\/\/www.albinfo.ch\/?p=860991"},"modified":"2025-09-17T18:40:08","modified_gmt":"2025-09-17T16:40:08","slug":"le-film-albanais-la-toiture-entre-reves-a-rassemble-les-communautes-religieuses-a-wil","status":"publish","type":"post","link":"https:\/\/www.albinfo.at\/fr\/le-film-albanais-la-toiture-entre-reves-a-rassemble-les-communautes-religieuses-a-wil\/","title":{"rendered":"Le film albanais &#8221; La toiture entre r\u00eaves &#8221; a rassembl\u00e9 les communaut\u00e9s religieuses \u00e0 Wil."},"content":{"rendered":"<p data-start=\"193\" data-end=\"441\">Florian Isaku, n\u00e9 \u00e0 Ki\u010devo et originaire du village de Zhubrin\u00eb en Mac\u00e9doine du Nord, a \u00e9crit l\u2019histoire en remportant la premi\u00e8re place au Championnat du monde de tramway qui s\u2019est tenu dans la capitale autrichienne, Vienne, rapporte albinfo.at.<\/p>\n<p data-start=\"443\" data-end=\"769\">\u00c0 cette comp\u00e9tition prestigieuse, organis\u00e9e le 13 septembre 2025, ont particip\u00e9 des \u00e9quipes issues de six continents et de 28 pays diff\u00e9rents. L\u2019Autriche \u00e9tait repr\u00e9sent\u00e9e par Elisabeth Urbanitsch et Florian Isaku. Ce dernier a obtenu le plus grand succ\u00e8s en \u00e9tant sacr\u00e9 champion du monde parmi les 25 \u00e9quipes participantes.<\/p>\n<p data-start=\"771\" data-end=\"1062\">Le championnat comprend huit disciplines distinctes testant les comp\u00e9tences des conducteurs de tramways, dont &#8221; Stop &amp; Go &#8220;, &#8221; Maintien de la vitesse &#8220;, &#8221; Freinage de pr\u00e9cision &#8220;, &#8221; Bowling en tramway &#8220;, &#8221; Marche arri\u00e8re &#8220;, &#8221; Distance lat\u00e9rale &#8220;, &#8221; Arr\u00eat exact &#8221; et &#8221; Curling en tramway &#8220;.<\/p>\n<p data-start=\"1064\" data-end=\"1412\">Ce triomphe de Florian Isaku n\u2019est pas seulement un exploit sportif pour l\u2019Autriche, mais aussi un moment de fiert\u00e9 pour les Albanais de la diaspora. Gr\u00e2ce \u00e0 son engagement et \u00e0 son talent, il a prouv\u00e9 que les succ\u00e8s internationaux sont possibles m\u00eame dans des domaines inhabituels, en inscrivant son nom et celui de Ki\u010devo sur la sc\u00e8ne mondiale.<\/p>\n<p><a href=\"https:\/\/www.albinfo.ch\/wp-content\/uploads\/2025\/09\/img_2677.jpeg\"><img loading=\"lazy\" decoding=\"async\" class=\"alignnone wp-image-860854\" src=\"https:\/\/www.albinfo.ch\/wp-content\/uploads\/2025\/09\/img_2677-1024x701.jpeg\" alt=\"\" width=\"500\" height=\"342\" srcset=\"https:\/\/www.albinfo.at\/wp-content\/uploads\/2025\/09\/img_2677-1024x701.jpeg 1024w, https:\/\/www.albinfo.at\/wp-content\/uploads\/2025\/09\/img_2677-300x205.jpeg 300w, https:\/\/www.albinfo.at\/wp-content\/uploads\/2025\/09\/img_2677-768x526.jpeg 768w, https:\/\/www.albinfo.at\/wp-content\/uploads\/2025\/09\/img_2677-579x396.jpeg 579w, https:\/\/www.albinfo.at\/wp-content\/uploads\/2025\/09\/img_2677-146x100.jpeg 146w, https:\/\/www.albinfo.at\/wp-content\/uploads\/2025\/09\/img_2677-256x175.jpeg 256w, https:\/\/www.albinfo.at\/wp-content\/uploads\/2025\/09\/img_2677.jpeg 1080w\" sizes=\"auto, (max-width: 500px) 100vw, 500px\" \/><\/a><\/p>\n","protected":false},"excerpt":{"rendered":"<p>Florian Isaku rend proud the Albanian diaspora with the world title in Vienna<\/p>\n","protected":false},"author":6,"featured_media":860852,"comment_status":"closed","ping_status":"closed","sticky":false,"template":"","format":"standard","meta":{"footnotes":""},"categories":[24637,24640,1164,24630,24633,24645,1163,1169],"tags":[],"vendi":[],"content_country":[31835,31838,31840],"class_list":["post-860991","post","type-post","status-publish","format-standard","has-post-thumbnail","hentry","category-nouvelles-fr-4","category-autres-fr-2","category-integration-fr","category-nouvelles","category-nouvelles-fr-2","category-thematique-fr-2","category-fr-e-diaspora","category-sport-fr","content_country-austria-fr","content_country-germany-fr","content_country-zvicer-fr"],"acf":[],"_links":{"self":[{"href":"https:\/\/www.albinfo.at\/fr\/wp-json\/wp\/v2\/posts\/860991","targetHints":{"allow":["GET"]}}],"collection":[{"href":"https:\/\/www.albinfo.at\/fr\/wp-json\/wp\/v2\/posts"}],"about":[{"href":"https:\/\/www.albinfo.at\/fr\/wp-json\/wp\/v2\/types\/post"}],"author":[{"embeddable":true,"href":"https:\/\/www.albinfo.at\/fr\/wp-json\/wp\/v2\/users\/6"}],"replies":[{"embeddable":true,"href":"https:\/\/www.albinfo.at\/fr\/wp-json\/wp\/v2\/comments?post=860991"}],"version-history":[{"count":1,"href":"https:\/\/www.albinfo.at\/fr\/wp-json\/wp\/v2\/posts\/860991\/revisions"}],"predecessor-version":[{"id":860996,"href":"https:\/\/www.albinfo.at\/fr\/wp-json\/wp\/v2\/posts\/860991\/revisions\/860996"}],"wp:featuredmedia":[{"embeddable":true,"href":"https:\/\/www.albinfo.at\/fr\/wp-json\/wp\/v2\/media\/860852"}],"wp:attachment":[{"href":"https:\/\/www.albinfo.at\/fr\/wp-json\/wp\/v2\/media?parent=860991"}],"wp:term":[{"taxonomy":"category","embeddable":true,"href":"https:\/\/www.albinfo.at\/fr\/wp-json\/wp\/v2\/categories?post=860991"},{"taxonomy":"post_tag","embeddable":true,"href":"https:\/\/www.albinfo.at\/fr\/wp-json\/wp\/v2\/tags?post=860991"},{"taxonomy":"vendi","embeddable":true,"href":"https:\/\/www.albinfo.at\/fr\/wp-json\/wp\/v2\/vendi?post=860991"},{"taxonomy":"content_country","embeddable":true,"href":"https:\/\/www.albinfo.at\/fr\/wp-json\/wp\/v2\/content_country?post=860991"}],"curies":[{"name":"wp","href":"https:\/\/api.w.org\/{rel}","templated":true}]}}