{"id":86054,"date":"2015-06-22T08:09:51","date_gmt":"2015-06-22T06:09:51","guid":{"rendered":"http:\/\/www.albinfo.ch\/?p=86054"},"modified":"2015-06-22T09:42:30","modified_gmt":"2015-06-22T07:42:30","slug":"islam-en-suisse-islam-de-suisse","status":"publish","type":"post","link":"https:\/\/www.albinfo.at\/fr\/islam-en-suisse-islam-de-suisse\/","title":{"rendered":"Islam en Suisse, Islam de Suisse"},"content":{"rendered":"<div class=\"galery-slider\"><ul class=\"slides\"><li>\n\t\t\t\t\t\t\t<a data-litebox-text=\"\" data-litebox-group=\"article-gallery\" href=\"https:\/\/www.albinfo.at\/wp-content\/uploads\/2015\/06\/islam12.png\" class=\"litebox\"><img decoding=\"async\" loading=\"lazy\" src=\"https:\/\/www.albinfo.at\/wp-content\/uploads\/2015\/06\/islam12-586x389.png\"\/><\/a>\n\t\t\t\t\t\t\t<div class=\"articleIntro articleText\">\n\t\t\t\t\t\t\t\t<p><\/p>\n\t\t\t\t\t\t\t<\/div>\n                        <\/li><\/ul><div class=\"slidesounter\"><span class=\"slide-current-slide\"><\/span><span class=\"slide-total-slides\"><\/span><\/div><\/div><link href=\"https:\/\/www.albinfo.at\/wp-content\/themes\/albinfo\/assets\/css\/litebox.css\" rel=\"stylesheet\" type=\"text\/css\" media=\"all\" \/><script src=\"https:\/\/www.albinfo.at\/wp-content\/themes\/albinfo\/assets\/js\/images-loaded.min.js\" type=\"text\/javascript\"><\/script><script src=\"https:\/\/www.albinfo.at\/wp-content\/themes\/albinfo\/assets\/js\/litebox.min.js\" type=\"text\/javascript\"><\/script>\n        <script type=\"text\/javascript\">\n            jQuery(window).load(function() {\n              jQuery(\".flexslider7\").flexslider({\n                animation: \"slide\",\n                controlNav: false,\n                animationLoop: false,\n                slideshow: false,\n              });\n            });\n\t\t\tjQuery(\".litebox\").liteBox();\n        <\/script>\n<p>L\u2019Islam suisse est une r\u00e9alit\u00e9 h\u00e9t\u00e9rog\u00e8ne. On constate cependant l\u2019augmentation du nombre de musulmans de nationalit\u00e9 suisse et, en parall\u00e8le, l\u2019\u00e9mergence d\u2019une \u00ab seconde g\u00e9n\u00e9ration \u00bb, compos\u00e9e d\u2019individus ayant grandi en Suisse. Ces changements font appara\u00eetre des enjeux politiques, sociaux et symboliques renouvel\u00e9s. Quels sont les processus d\u2019enracinement de l\u2019islam en Suisse \u00e0 travers la s\u00e9dentarisation progressive de populations immigr\u00e9es ? Comment cette r\u00e9alit\u00e9 introduit-elle de nouvelles mani\u00e8res de croire et de pratiquer ? Quels modes de constructions identitaires se d\u00e9veloppent, au croisement de syst\u00e8mes de r\u00e9f\u00e9rence aussi divers que la nation suisse, l\u2019appartenance ethnique, les pays d\u2019origine et le r\u00e9f\u00e9rent islamique ? En bref, comment passe-t-on d\u2019une religion immigr\u00e9e \u00e0 une religion minoritaire ?<\/p>\n<div class=\"galery-slider\"><ul class=\"slides\"><li>\n\t\t\t\t\t\t\t<a data-litebox-text=\"\" data-litebox-group=\"article-gallery\" href=\"https:\/\/www.albinfo.at\/wp-content\/uploads\/2015\/06\/capture-decran-2015-06-22-a-08.09.05.png\" class=\"litebox\"><img decoding=\"async\" loading=\"lazy\" src=\"https:\/\/www.albinfo.at\/wp-content\/uploads\/2015\/06\/capture-decran-2015-06-22-a-08.09.05-495x389.png\"\/><\/a>\n\t\t\t\t\t\t\t<div class=\"articleIntro articleText\">\n\t\t\t\t\t\t\t\t<p><\/p>\n\t\t\t\t\t\t\t<\/div>\n                        <\/li><\/ul><div class=\"slidesounter\"><span class=\"slide-current-slide\"><\/span><span class=\"slide-total-slides\"><\/span><\/div><\/div><link href=\"https:\/\/www.albinfo.at\/wp-content\/themes\/albinfo\/assets\/css\/litebox.css\" rel=\"stylesheet\" type=\"text\/css\" media=\"all\" \/><script src=\"https:\/\/www.albinfo.at\/wp-content\/themes\/albinfo\/assets\/js\/images-loaded.min.js\" type=\"text\/javascript\"><\/script><script src=\"https:\/\/www.albinfo.at\/wp-content\/themes\/albinfo\/assets\/js\/litebox.min.js\" type=\"text\/javascript\"><\/script>\n        <script type=\"text\/javascript\">\n            jQuery(window).load(function() {\n              jQuery(\".flexslider7\").flexslider({\n                animation: \"slide\",\n                controlNav: false,\n                animationLoop: false,\n                slideshow: false,\n              });\n            });\n\t\t\tjQuery(\".litebox\").liteBox();\n        <\/script>\n","protected":false},"excerpt":{"rendered":"<p>L\u2019Islam suisse est une r\u00e9alit\u00e9 h\u00e9t\u00e9rog\u00e8ne. On constate cependant l\u2019augmentation du nombre de musulmans de nationalit\u00e9 suisse et, en parall\u00e8le, l\u2019\u00e9mergence d\u2019une \u00ab seconde g\u00e9n\u00e9ration \u00bb, compos\u00e9e d\u2019individus ayant grandi en Suisse. Ces changements font appara\u00eetre des enjeux politiques, sociaux et symboliques renouvel\u00e9s. Quels sont les processus d\u2019enracinement de l\u2019islam en Suisse \u00e0 travers la [&hellip;]<\/p>\n","protected":false},"author":10,"featured_media":86087,"comment_status":"open","ping_status":"open","sticky":false,"template":"","format":"standard","meta":{"footnotes":""},"categories":[1182],"tags":[1749],"vendi":[],"content_country":[],"class_list":["post-86054","post","type-post","status-publish","format-standard","has-post-thumbnail","hentry","category-agenda","tag-bashkim-iseni-fr"],"acf":[],"_links":{"self":[{"href":"https:\/\/www.albinfo.at\/fr\/wp-json\/wp\/v2\/posts\/86054","targetHints":{"allow":["GET"]}}],"collection":[{"href":"https:\/\/www.albinfo.at\/fr\/wp-json\/wp\/v2\/posts"}],"about":[{"href":"https:\/\/www.albinfo.at\/fr\/wp-json\/wp\/v2\/types\/post"}],"author":[{"embeddable":true,"href":"https:\/\/www.albinfo.at\/fr\/wp-json\/wp\/v2\/users\/10"}],"replies":[{"embeddable":true,"href":"https:\/\/www.albinfo.at\/fr\/wp-json\/wp\/v2\/comments?post=86054"}],"version-history":[{"count":0,"href":"https:\/\/www.albinfo.at\/fr\/wp-json\/wp\/v2\/posts\/86054\/revisions"}],"wp:featuredmedia":[{"embeddable":true,"href":"https:\/\/www.albinfo.at\/fr\/wp-json\/wp\/v2\/media\/86087"}],"wp:attachment":[{"href":"https:\/\/www.albinfo.at\/fr\/wp-json\/wp\/v2\/media?parent=86054"}],"wp:term":[{"taxonomy":"category","embeddable":true,"href":"https:\/\/www.albinfo.at\/fr\/wp-json\/wp\/v2\/categories?post=86054"},{"taxonomy":"post_tag","embeddable":true,"href":"https:\/\/www.albinfo.at\/fr\/wp-json\/wp\/v2\/tags?post=86054"},{"taxonomy":"vendi","embeddable":true,"href":"https:\/\/www.albinfo.at\/fr\/wp-json\/wp\/v2\/vendi?post=86054"},{"taxonomy":"content_country","embeddable":true,"href":"https:\/\/www.albinfo.at\/fr\/wp-json\/wp\/v2\/content_country?post=86054"}],"curies":[{"name":"wp","href":"https:\/\/api.w.org\/{rel}","templated":true}]}}