{"id":860213,"date":"2025-09-13T23:18:15","date_gmt":"2025-09-13T21:18:15","guid":{"rendered":"https:\/\/www.albinfo.ch\/?p=860213"},"modified":"2025-09-13T23:20:01","modified_gmt":"2025-09-13T21:20:01","slug":"le-reseau-des-entreprises-albanaises-en-suisse-une-histoire-de-succes","status":"publish","type":"post","link":"https:\/\/www.albinfo.at\/fr\/le-reseau-des-entreprises-albanaises-en-suisse-une-histoire-de-succes\/","title":{"rendered":"Le R\u00e9seau des Entreprises Albanaises en Suisse, une histoire de succ\u00e8s"},"content":{"rendered":"<p data-start=\"0\" data-end=\"327\">Les entreprises albanaises en Suisse constituent depuis longtemps un segment important de la vie \u00e9conomique du pays. L\u2019esprit entrepreneurial des Albanais \u00e9tablis en Suisse a trouv\u00e9 ici un terrain favorable pour se d\u00e9velopper harmonieusement et atteindre les sommets dans de nombreux secteurs de l\u2019\u00e9conomie helv\u00e9tique.<\/p>\n<p data-start=\"329\" data-end=\"523\">Afin de cr\u00e9er un lien entre ces entreprises et de promouvoir ainsi que de soutenir leur d\u00e9veloppement, a \u00e9t\u00e9 fond\u00e9 le R\u00e9seau des Entreprises de la Diaspora Albanaise en Suisse (RRBDSH Suisse).<\/p>\n<p><a href=\"https:\/\/www.albinfo.ch\/wp-content\/uploads\/2025\/09\/rrbsh.jpg\"><img loading=\"lazy\" decoding=\"async\" class=\"alignnone size-full wp-image-860114\" src=\"https:\/\/www.albinfo.ch\/wp-content\/uploads\/2025\/09\/rrbsh.jpg\" alt=\"\" width=\"611\" height=\"653\" srcset=\"https:\/\/www.albinfo.at\/wp-content\/uploads\/2025\/09\/rrbsh.jpg 611w, https:\/\/www.albinfo.at\/wp-content\/uploads\/2025\/09\/rrbsh-281x300.jpg 281w, https:\/\/www.albinfo.at\/wp-content\/uploads\/2025\/09\/rrbsh-371x396.jpg 371w, https:\/\/www.albinfo.at\/wp-content\/uploads\/2025\/09\/rrbsh-94x100.jpg 94w, https:\/\/www.albinfo.at\/wp-content\/uploads\/2025\/09\/rrbsh-164x175.jpg 164w\" sizes=\"auto, (max-width: 611px) 100vw, 611px\" \/><\/a><\/p>\n<p>La plateforme m\u00e9diatique Albinfo.ch pr\u00e9sente un profil de ce r\u00e9seau, \u00e0 travers une conversation avec la pr\u00e9sidente, Madame Dr. Fatime Berisha Imeri.<\/p>\n<p>\u201c<a href=\"https:\/\/rrbdsh.ch\/\">Rrjeti i Bizneseve t\u00eb Diaspor\u00ebs Shqiptare n\u00eb Zvic\u00ebr (RRBDSH Zvic\u00ebr) <\/a>\u00a0il a \u00e9t\u00e9 fond\u00e9 en 2012 \u00e0 l\u2019initiative de l\u2019entrepreneur et philanthrope reconnu Fehmi Fetahi, qui occupe actuellement la fonction de pr\u00e9sident du conseil d\u2019administration du R\u00e9seau &#8220;, d\u00e9clare Mme Berisha.<\/p>\n<p data-start=\"217\" data-end=\"670\">En parlant du profil et des objectifs du r\u00e9seau, elle ajoute : &#8221; La vision et la mission du RRBDSH est d\u2019agir comme une organisation inclusive et comme un pont entre les entreprises albanaises en Suisse et au-del\u00e0. En construisant de nouveaux ponts de coop\u00e9ration, le R\u00e9seau vise \u00e9galement \u00e0 intensifier les investissements \u00e9trangers dans nos pays d\u2019origine, tout en favorisant l\u2019\u00e9change d\u2019exp\u00e9riences et de progr\u00e8s dans le d\u00e9veloppement \u00e9conomique. &#8220;<\/p>\n<p><strong><a href=\"https:\/\/www.albinfo.ch\/wp-content\/uploads\/2025\/09\/rrjeti-3a.jpg\"><img loading=\"lazy\" decoding=\"async\" class=\"alignnone size-large wp-image-860108\" src=\"https:\/\/www.albinfo.ch\/wp-content\/uploads\/2025\/09\/rrjeti-3a-1024x683.jpg\" alt=\"\" width=\"640\" height=\"427\" srcset=\"https:\/\/www.albinfo.at\/wp-content\/uploads\/2025\/09\/rrjeti-3a-1024x683.jpg 1024w, https:\/\/www.albinfo.at\/wp-content\/uploads\/2025\/09\/rrjeti-3a-300x200.jpg 300w, https:\/\/www.albinfo.at\/wp-content\/uploads\/2025\/09\/rrjeti-3a-768x512.jpg 768w, https:\/\/www.albinfo.at\/wp-content\/uploads\/2025\/09\/rrjeti-3a-210x141.jpg 210w, https:\/\/www.albinfo.at\/wp-content\/uploads\/2025\/09\/rrjeti-3a-587x391.jpg 587w, https:\/\/www.albinfo.at\/wp-content\/uploads\/2025\/09\/rrjeti-3a-150x100.jpg 150w, https:\/\/www.albinfo.at\/wp-content\/uploads\/2025\/09\/rrjeti-3a-263x175.jpg 263w, https:\/\/www.albinfo.at\/wp-content\/uploads\/2025\/09\/rrjeti-3a.jpg 1500w\" sizes=\"auto, (max-width: 640px) 100vw, 640px\" \/><\/a><\/strong><\/p>\n<p><strong>Le r\u00e9seau, actif dans de nombreux secteurs de l&#8217;\u00e9conomie<\/strong><\/p>\n<p><strong>Quels sont les secteurs dans lesquels il op\u00e8re\u00a0 <a href=\"https:\/\/rrbdsh.ch\/\">RRBDSH?<\/a> <\/strong>\u201c<\/p>\n<p data-start=\"0\" data-end=\"360\">&#8221; Le R\u00e9seau est actif dans de nombreux domaines, en premier lieu dans la mise en relation des entrepreneurs, la promotion des entreprises albanaises, le soutien aux start-ups, la m\u00e9diation pour de nouveaux partenariats et la coop\u00e9ration institutionnelle \u00e0 travers sa repr\u00e9sentation \u00e0 la Chambre \u00e9conomique du Kosovo &#8220;, d\u00e9clare la pr\u00e9sidente du r\u00e9seau.<\/p>\n<p data-start=\"362\" data-end=\"763\">Au cours de ses 13 ann\u00e9es d\u2019existence, le RRBDSH a men\u00e9 de nombreuses activit\u00e9s et initiatives. Mme Berisha mentionne seulement quelques-unes d\u2019entre elles : &#8221; Business Connection \u00e0 Dietikon, Spreitenbach, des rencontres B2B et des r\u00e9unions avec des personnalit\u00e9s reconnues du monde des affaires et de la politique &#8220;. Elle ajoute \u00e9galement qu\u2019\u00e0 l\u2019avenir, ces activit\u00e9s seront encore plus fr\u00e9quentes.<\/p>\n<p data-start=\"765\" data-end=\"960\">&#8221; Le R\u00e9seau se compose d\u2019un nombre consid\u00e9rable de membres repr\u00e9sentant divers secteurs d\u2019activit\u00e9 &#8211; commerce, technologie, gastronomie, construction, sant\u00e9, etc. &#8220;, souligne Mme Berisha Imeri.<\/p>\n<p data-start=\"962\" data-end=\"1288\">En parall\u00e8le de son activit\u00e9 principale, le RRBDSH encourage aussi les nouvelles entreprises albanaises de Suisse \u00e0 s\u2019impliquer dans le r\u00e9seau. Cela se concr\u00e9tise par des activit\u00e9s de mise en relation, la participation \u00e0 des \u00e9v\u00e9nements Business Connection et des rencontres B2B qui ouvrent des perspectives de d\u00e9veloppement.<\/p>\n<p><strong><a href=\"https:\/\/www.albinfo.ch\/wp-content\/uploads\/2025\/09\/rrjeti-2a.jpg\"><img loading=\"lazy\" decoding=\"async\" class=\"alignnone size-large wp-image-860105\" src=\"https:\/\/www.albinfo.ch\/wp-content\/uploads\/2025\/09\/rrjeti-2a-1024x683.jpg\" alt=\"\" width=\"640\" height=\"427\" srcset=\"https:\/\/www.albinfo.at\/wp-content\/uploads\/2025\/09\/rrjeti-2a-1024x683.jpg 1024w, https:\/\/www.albinfo.at\/wp-content\/uploads\/2025\/09\/rrjeti-2a-300x200.jpg 300w, https:\/\/www.albinfo.at\/wp-content\/uploads\/2025\/09\/rrjeti-2a-768x512.jpg 768w, https:\/\/www.albinfo.at\/wp-content\/uploads\/2025\/09\/rrjeti-2a-210x141.jpg 210w, https:\/\/www.albinfo.at\/wp-content\/uploads\/2025\/09\/rrjeti-2a-587x391.jpg 587w, https:\/\/www.albinfo.at\/wp-content\/uploads\/2025\/09\/rrjeti-2a-150x100.jpg 150w, https:\/\/www.albinfo.at\/wp-content\/uploads\/2025\/09\/rrjeti-2a-263x175.jpg 263w, https:\/\/www.albinfo.at\/wp-content\/uploads\/2025\/09\/rrjeti-2a.jpg 1500w\" sizes=\"auto, (max-width: 640px) 100vw, 640px\" \/><\/a><\/strong><\/p>\n<p><strong>D\u00e9fi: L&#8217;union du potentiel des entreprises albanaises<\/strong><\/p>\n<p data-start=\"0\" data-end=\"221\">Entre-temps, le d\u00e9fi du r\u00e9seau reste, selon la pr\u00e9sidente, de r\u00e9unir le grand potentiel des entreprises albanaises en Suisse, d\u2019accro\u00eetre la coop\u00e9ration entre elles et de professionnaliser les services du R\u00e9seau.<\/p>\n<p data-start=\"223\" data-end=\"479\">&#8221; La mise en r\u00e9seau de centaines d\u2019entreprises albanaises, la promotion des investissements dans le pays d\u2019origine et la repr\u00e9sentation de la voix de la diaspora dans le domaine de l\u2019\u00e9conomie sont les plus grandes r\u00e9alisations du RRBDSH &#8220;, estime-t-elle.<\/p>\n<p><a href=\"https:\/\/www.albinfo.ch\/wp-content\/uploads\/2025\/09\/merita-dhe-fehmi-fetahi.jpg\"><img loading=\"lazy\" decoding=\"async\" class=\"alignnone size-large wp-image-860096\" src=\"https:\/\/www.albinfo.ch\/wp-content\/uploads\/2025\/09\/merita-dhe-fehmi-fetahi-1024x683.jpg\" alt=\"\" width=\"640\" height=\"427\" srcset=\"https:\/\/www.albinfo.at\/wp-content\/uploads\/2025\/09\/merita-dhe-fehmi-fetahi-1024x683.jpg 1024w, https:\/\/www.albinfo.at\/wp-content\/uploads\/2025\/09\/merita-dhe-fehmi-fetahi-300x200.jpg 300w, https:\/\/www.albinfo.at\/wp-content\/uploads\/2025\/09\/merita-dhe-fehmi-fetahi-768x512.jpg 768w, https:\/\/www.albinfo.at\/wp-content\/uploads\/2025\/09\/merita-dhe-fehmi-fetahi-210x141.jpg 210w, https:\/\/www.albinfo.at\/wp-content\/uploads\/2025\/09\/merita-dhe-fehmi-fetahi-587x391.jpg 587w, https:\/\/www.albinfo.at\/wp-content\/uploads\/2025\/09\/merita-dhe-fehmi-fetahi-150x100.jpg 150w, https:\/\/www.albinfo.at\/wp-content\/uploads\/2025\/09\/merita-dhe-fehmi-fetahi-263x175.jpg 263w, https:\/\/www.albinfo.at\/wp-content\/uploads\/2025\/09\/merita-dhe-fehmi-fetahi.jpg 1500w\" sizes=\"auto, (max-width: 640px) 100vw, 640px\" \/><\/a><\/p>\n<p data-start=\"0\" data-end=\"187\">Le R\u00e9seau d\u00e9veloppe des collaborations avec des organisations albanaises et suisses, ainsi qu\u2019avec des institutions internationales telles que Switzerland Global Enterprise, etc.<\/p>\n<p data-start=\"189\" data-end=\"425\">En partant de la base cr\u00e9\u00e9e et des r\u00e9alisations obtenues jusqu\u2019\u00e0 pr\u00e9sent, l\u2019avenir du RRBDSH et son r\u00f4le dans le d\u00e9veloppement \u00e9conomique de notre soci\u00e9t\u00e9 r\u00e9sident dans l\u2019\u00e9largissement et la professionnalisation de cette organisation.<\/p>\n<p data-start=\"427\" data-end=\"682\">Le message que le RRBDSH adresse aux entreprises albanaises en Suisse est le suivant: Toutes les entreprises albanaises sont les bienvenues ! L\u2019union et le soutien mutuel apportent un d\u00e9veloppement et un progr\u00e8s plus rapides et plus durables pour tous.<\/p>\n<p><strong><a href=\"https:\/\/www.albinfo.ch\/wp-content\/uploads\/2025\/09\/rrjeti-2.jpg\"><img loading=\"lazy\" decoding=\"async\" class=\"alignnone size-large wp-image-860102\" src=\"https:\/\/www.albinfo.ch\/wp-content\/uploads\/2025\/09\/rrjeti-2-1024x683.jpg\" alt=\"\" width=\"640\" height=\"427\" srcset=\"https:\/\/www.albinfo.at\/wp-content\/uploads\/2025\/09\/rrjeti-2-1024x683.jpg 1024w, https:\/\/www.albinfo.at\/wp-content\/uploads\/2025\/09\/rrjeti-2-300x200.jpg 300w, https:\/\/www.albinfo.at\/wp-content\/uploads\/2025\/09\/rrjeti-2-768x512.jpg 768w, https:\/\/www.albinfo.at\/wp-content\/uploads\/2025\/09\/rrjeti-2-210x141.jpg 210w, https:\/\/www.albinfo.at\/wp-content\/uploads\/2025\/09\/rrjeti-2-587x391.jpg 587w, https:\/\/www.albinfo.at\/wp-content\/uploads\/2025\/09\/rrjeti-2-150x100.jpg 150w, https:\/\/www.albinfo.at\/wp-content\/uploads\/2025\/09\/rrjeti-2-263x175.jpg 263w, https:\/\/www.albinfo.at\/wp-content\/uploads\/2025\/09\/rrjeti-2.jpg 1500w\" sizes=\"auto, (max-width: 640px) 100vw, 640px\" \/><\/a><\/strong><\/p>\n<p><strong>L&#8217;article sur le R\u00e9seau a \u00e9galement \u00e9t\u00e9 publi\u00e9 dans le magazine imprim\u00e9 albinfo.ch, qui dans ce num\u00e9ro a accord\u00e9 une attention particuli\u00e8re aux organisations albanaises en Suisse.<\/strong><\/p>\n<figure id=\"attachment_860099\" aria-describedby=\"caption-attachment-860099\" style=\"width: 640px\" class=\"wp-caption alignnone\"><a href=\"https:\/\/www.albinfo.ch\/wp-content\/uploads\/2025\/09\/rrbdsh-2a.jpg\"><img loading=\"lazy\" decoding=\"async\" class=\"size-large wp-image-860099\" src=\"https:\/\/www.albinfo.ch\/wp-content\/uploads\/2025\/09\/rrbdsh-2a-768x1024.jpg\" alt=\"\" width=\"640\" height=\"853\" srcset=\"https:\/\/www.albinfo.at\/wp-content\/uploads\/2025\/09\/rrbdsh-2a-768x1024.jpg 768w, https:\/\/www.albinfo.at\/wp-content\/uploads\/2025\/09\/rrbdsh-2a-225x300.jpg 225w, https:\/\/www.albinfo.at\/wp-content\/uploads\/2025\/09\/rrbdsh-2a-1152x1536.jpg 1152w, https:\/\/www.albinfo.at\/wp-content\/uploads\/2025\/09\/rrbdsh-2a-297x396.jpg 297w, https:\/\/www.albinfo.at\/wp-content\/uploads\/2025\/09\/rrbdsh-2a-75x100.jpg 75w, https:\/\/www.albinfo.at\/wp-content\/uploads\/2025\/09\/rrbdsh-2a-131x175.jpg 131w, https:\/\/www.albinfo.at\/wp-content\/uploads\/2025\/09\/rrbdsh-2a.jpg 1536w\" sizes=\"auto, (max-width: 640px) 100vw, 640px\" \/><\/a><figcaption id=\"caption-attachment-860099\" class=\"wp-caption-text\">albinfo.ch<\/figcaption><\/figure>\n<figure id=\"attachment_860093\" aria-describedby=\"caption-attachment-860093\" style=\"width: 640px\" class=\"wp-caption alignnone\"><a href=\"https:\/\/www.albinfo.ch\/wp-content\/uploads\/2025\/09\/fehmi-fetahi_b.jpg\"><img loading=\"lazy\" decoding=\"async\" class=\"size-large wp-image-860093\" src=\"https:\/\/www.albinfo.ch\/wp-content\/uploads\/2025\/09\/fehmi-fetahi_b-1024x683.jpg\" alt=\"\" width=\"640\" height=\"427\" srcset=\"https:\/\/www.albinfo.at\/wp-content\/uploads\/2025\/09\/fehmi-fetahi_b-1024x683.jpg 1024w, https:\/\/www.albinfo.at\/wp-content\/uploads\/2025\/09\/fehmi-fetahi_b-300x200.jpg 300w, https:\/\/www.albinfo.at\/wp-content\/uploads\/2025\/09\/fehmi-fetahi_b-768x512.jpg 768w, https:\/\/www.albinfo.at\/wp-content\/uploads\/2025\/09\/fehmi-fetahi_b-210x141.jpg 210w, https:\/\/www.albinfo.at\/wp-content\/uploads\/2025\/09\/fehmi-fetahi_b-587x391.jpg 587w, https:\/\/www.albinfo.at\/wp-content\/uploads\/2025\/09\/fehmi-fetahi_b-150x100.jpg 150w, https:\/\/www.albinfo.at\/wp-content\/uploads\/2025\/09\/fehmi-fetahi_b-263x175.jpg 263w, https:\/\/www.albinfo.at\/wp-content\/uploads\/2025\/09\/fehmi-fetahi_b.jpg 1500w\" sizes=\"auto, (max-width: 640px) 100vw, 640px\" \/><\/a><figcaption id=\"caption-attachment-860093\" class=\"wp-caption-text\">albinfo.ch<\/figcaption><\/figure>\n<figure id=\"attachment_860089\" aria-describedby=\"caption-attachment-860089\" style=\"width: 640px\" class=\"wp-caption alignnone\"><a href=\"https:\/\/www.albinfo.ch\/wp-content\/uploads\/2025\/09\/fehmi-fetahi-2.jpg\"><img loading=\"lazy\" decoding=\"async\" class=\"size-large wp-image-860089\" src=\"https:\/\/www.albinfo.ch\/wp-content\/uploads\/2025\/09\/fehmi-fetahi-2-1024x634.jpg\" alt=\"\" width=\"640\" height=\"396\" srcset=\"https:\/\/www.albinfo.at\/wp-content\/uploads\/2025\/09\/fehmi-fetahi-2-1024x634.jpg 1024w, https:\/\/www.albinfo.at\/wp-content\/uploads\/2025\/09\/fehmi-fetahi-2-300x186.jpg 300w, https:\/\/www.albinfo.at\/wp-content\/uploads\/2025\/09\/fehmi-fetahi-2-768x476.jpg 768w, https:\/\/www.albinfo.at\/wp-content\/uploads\/2025\/09\/fehmi-fetahi-2-1536x951.jpg 1536w, https:\/\/www.albinfo.at\/wp-content\/uploads\/2025\/09\/fehmi-fetahi-2-587x364.jpg 587w, https:\/\/www.albinfo.at\/wp-content\/uploads\/2025\/09\/fehmi-fetahi-2-161x100.jpg 161w, https:\/\/www.albinfo.at\/wp-content\/uploads\/2025\/09\/fehmi-fetahi-2-265x164.jpg 265w, https:\/\/www.albinfo.at\/wp-content\/uploads\/2025\/09\/fehmi-fetahi-2.jpg 1600w\" sizes=\"auto, (max-width: 640px) 100vw, 640px\" \/><\/a><figcaption id=\"caption-attachment-860089\" class=\"wp-caption-text\">albinfo.ch<\/figcaption><\/figure>\n<p>Vid\u00e9o de certaines des activit\u00e9s du R\u00e9seau des entreprises de la diaspora albanaise en Suisse<\/p>\n<p><iframe loading=\"lazy\" style=\"border: none; overflow: hidden;\" src=\"https:\/\/www.facebook.com\/plugins\/video.php?height=314&amp;href=https%3A%2F%2Fwww.facebook.com%2Falbinfo.ch%2Fvideos%2F598974072688654%2F&amp;show_text=false&amp;width=560&amp;t=0\" width=\"560\" height=\"314\" frameborder=\"0\" scrolling=\"no\" allowfullscreen=\"allowfullscreen\" data-mce-fragment=\"1\"><\/iframe><\/p>\n<p><iframe loading=\"lazy\" style=\"border: none; overflow: hidden;\" src=\"https:\/\/www.facebook.com\/plugins\/video.php?height=314&amp;href=https%3A%2F%2Fwww.facebook.com%2Falbinfo.ch%2Fvideos%2F1006344361153717%2F&amp;show_text=false&amp;width=560&amp;t=0\" width=\"560\" height=\"314\" frameborder=\"0\" scrolling=\"no\" allowfullscreen=\"allowfullscreen\" data-mce-fragment=\"1\"><\/iframe><\/p>\n","protected":false},"excerpt":{"rendered":"<p>La plateforme m\u00e9diatique albinfo.ch pr\u00e9sente un profil de cette organisation, \u00e0 travers une conversation avec la pr\u00e9sidente, Madame Dr. Fatime Berisha Imeri.<\/p>\n","protected":false},"author":6,"featured_media":860112,"comment_status":"closed","ping_status":"closed","sticky":false,"template":"","format":"standard","meta":{"footnotes":""},"categories":[33332,1164,1163,1186],"tags":[],"vendi":[],"content_country":[31835,31838,31840],"class_list":["post-860213","post","type-post","status-publish","format-standard","has-post-thumbnail","hentry","category-associations","category-integration-fr","category-fr-e-diaspora","category-couverture-de-terrain","content_country-austria-fr","content_country-germany-fr","content_country-zvicer-fr"],"acf":[],"_links":{"self":[{"href":"https:\/\/www.albinfo.at\/fr\/wp-json\/wp\/v2\/posts\/860213","targetHints":{"allow":["GET"]}}],"collection":[{"href":"https:\/\/www.albinfo.at\/fr\/wp-json\/wp\/v2\/posts"}],"about":[{"href":"https:\/\/www.albinfo.at\/fr\/wp-json\/wp\/v2\/types\/post"}],"author":[{"embeddable":true,"href":"https:\/\/www.albinfo.at\/fr\/wp-json\/wp\/v2\/users\/6"}],"replies":[{"embeddable":true,"href":"https:\/\/www.albinfo.at\/fr\/wp-json\/wp\/v2\/comments?post=860213"}],"version-history":[{"count":1,"href":"https:\/\/www.albinfo.at\/fr\/wp-json\/wp\/v2\/posts\/860213\/revisions"}],"predecessor-version":[{"id":860214,"href":"https:\/\/www.albinfo.at\/fr\/wp-json\/wp\/v2\/posts\/860213\/revisions\/860214"}],"wp:featuredmedia":[{"embeddable":true,"href":"https:\/\/www.albinfo.at\/fr\/wp-json\/wp\/v2\/media\/860112"}],"wp:attachment":[{"href":"https:\/\/www.albinfo.at\/fr\/wp-json\/wp\/v2\/media?parent=860213"}],"wp:term":[{"taxonomy":"category","embeddable":true,"href":"https:\/\/www.albinfo.at\/fr\/wp-json\/wp\/v2\/categories?post=860213"},{"taxonomy":"post_tag","embeddable":true,"href":"https:\/\/www.albinfo.at\/fr\/wp-json\/wp\/v2\/tags?post=860213"},{"taxonomy":"vendi","embeddable":true,"href":"https:\/\/www.albinfo.at\/fr\/wp-json\/wp\/v2\/vendi?post=860213"},{"taxonomy":"content_country","embeddable":true,"href":"https:\/\/www.albinfo.at\/fr\/wp-json\/wp\/v2\/content_country?post=860213"}],"curies":[{"name":"wp","href":"https:\/\/api.w.org\/{rel}","templated":true}]}}