{"id":860196,"date":"2025-09-13T22:45:25","date_gmt":"2025-09-13T20:45:25","guid":{"rendered":"https:\/\/www.albinfo.ch\/?p=860196"},"modified":"2025-09-13T22:46:40","modified_gmt":"2025-09-13T20:46:40","slug":"dongu-le-film-qui-reflete-les-defis-des-immigrants-kosovar-en-turquie","status":"publish","type":"post","link":"https:\/\/www.albinfo.at\/fr\/dongu-le-film-qui-reflete-les-defis-des-immigrants-kosovar-en-turquie\/","title":{"rendered":"&#8221; D\u00f6ng\u00fc &#8221; &#8211; Le film qui refl\u00e8te les d\u00e9fis des immigrants kosovar en Turquie"},"content":{"rendered":"<p data-start=\"0\" data-end=\"604\">Le film &#8221; D\u00f6ng\u00fc &#8220;, coproduction entre la Turquie et le Kosovo, aborde les th\u00e8mes de la migration, du travail pr\u00e9caire et de l\u2019exploitation silencieuse des travailleurs. Le r\u00e9cit se concentre sur Lena, une aide-soignante kosovare, et Sevim, une femme de m\u00e9nage turque, confront\u00e9es \u00e0 des difficult\u00e9s et \u00e0 des dilemmes moraux dans leur quotidien. Apr\u00e8s un accident de Lena sur son lieu de travail, la situation met en lumi\u00e8re l\u2019absence de couverture sociale et les difficult\u00e9s rencontr\u00e9es par les migrants, refl\u00e9tant la r\u00e9alit\u00e9 de milliers de Kosovars travaillant \u00e0 l\u2019\u00e9tranger, rapporte albinfo.ch.<\/p>\n<p data-start=\"606\" data-end=\"1020\">R\u00e9alis\u00e9 par le cin\u00e9aste turc Erkan Tahhu\u015fo\u011flu, le film a \u00e9t\u00e9 pr\u00e9sent\u00e9 en avant-premi\u00e8re r\u00e9gionale lors de la 17e \u00e9dition du festival \u00ab PriFest \u00bb \u00e0 Pristina, o\u00f9 les actrices kosovares Ftesa Hazrolli et Shpresa Hashimi ont rejoint la distribution turque. Hazrolli a confi\u00e9 \u00e0 KOH\u00cbA que le r\u00f4le de Lena est complexe et illustre les d\u00e9fis des migrants kosovars en Turquie, avec m\u00eame des dialogues en langue albanaise.<\/p>\n<p data-start=\"1022\" data-end=\"1341\">Les producteurs du film sont Gazmend Nela, \u0130ris Tahhu\u015fo\u011flu, Selda Taskin et Ragip T\u00fcrk, tandis que la bande sonore a \u00e9t\u00e9 confi\u00e9e \u00e0 Idil Ata\u00e7. Le film a particip\u00e9 \u00e0 divers festivals internationaux et a remport\u00e9 plusieurs prix pour son sc\u00e9nario et ses r\u00f4les principaux, notamment \u00e0 Ankara, Francfort, Adana et Bosphore.<\/p>\n<p data-start=\"1343\" data-end=\"1699\">Le r\u00e9alisateur Tahhu\u015fo\u011flu explique que la motivation du film est li\u00e9e \u00e0 la reconnaissance des droits des travailleurs et \u00e0 la mise en lumi\u00e8re de leurs conditions, non seulement en Turquie mais aussi en Europe. Pour le public kosovar, &#8221; D\u00f6ng\u00fc &#8221;\u00a0 n\u2019est pas seulement un r\u00e9cit artistique, mais aussi un miroir de la migration et des d\u00e9fis qui l\u2019accompagnent.<\/p>\n","protected":false},"excerpt":{"rendered":"<p>Un film qui refl\u00e8te les d\u00e9fis des immigrants kosovars en Turquie<\/p>\n","protected":false},"author":6,"featured_media":624420,"comment_status":"closed","ping_status":"closed","sticky":false,"template":"","format":"standard","meta":{"footnotes":""},"categories":[24637,24666,24630,1163,1168],"tags":[],"vendi":[],"content_country":[31835,31838,31840],"class_list":["post-860196","post","type-post","status-publish","format-standard","has-post-thumbnail","hentry","category-nouvelles-fr-4","category-cinema","category-nouvelles","category-fr-e-diaspora","category-culture","content_country-austria-fr","content_country-germany-fr","content_country-zvicer-fr"],"acf":[],"_links":{"self":[{"href":"https:\/\/www.albinfo.at\/fr\/wp-json\/wp\/v2\/posts\/860196","targetHints":{"allow":["GET"]}}],"collection":[{"href":"https:\/\/www.albinfo.at\/fr\/wp-json\/wp\/v2\/posts"}],"about":[{"href":"https:\/\/www.albinfo.at\/fr\/wp-json\/wp\/v2\/types\/post"}],"author":[{"embeddable":true,"href":"https:\/\/www.albinfo.at\/fr\/wp-json\/wp\/v2\/users\/6"}],"replies":[{"embeddable":true,"href":"https:\/\/www.albinfo.at\/fr\/wp-json\/wp\/v2\/comments?post=860196"}],"version-history":[{"count":1,"href":"https:\/\/www.albinfo.at\/fr\/wp-json\/wp\/v2\/posts\/860196\/revisions"}],"predecessor-version":[{"id":860199,"href":"https:\/\/www.albinfo.at\/fr\/wp-json\/wp\/v2\/posts\/860196\/revisions\/860199"}],"wp:featuredmedia":[{"embeddable":true,"href":"https:\/\/www.albinfo.at\/fr\/wp-json\/wp\/v2\/media\/624420"}],"wp:attachment":[{"href":"https:\/\/www.albinfo.at\/fr\/wp-json\/wp\/v2\/media?parent=860196"}],"wp:term":[{"taxonomy":"category","embeddable":true,"href":"https:\/\/www.albinfo.at\/fr\/wp-json\/wp\/v2\/categories?post=860196"},{"taxonomy":"post_tag","embeddable":true,"href":"https:\/\/www.albinfo.at\/fr\/wp-json\/wp\/v2\/tags?post=860196"},{"taxonomy":"vendi","embeddable":true,"href":"https:\/\/www.albinfo.at\/fr\/wp-json\/wp\/v2\/vendi?post=860196"},{"taxonomy":"content_country","embeddable":true,"href":"https:\/\/www.albinfo.at\/fr\/wp-json\/wp\/v2\/content_country?post=860196"}],"curies":[{"name":"wp","href":"https:\/\/api.w.org\/{rel}","templated":true}]}}