{"id":860169,"date":"2025-09-13T20:30:51","date_gmt":"2025-09-13T18:30:51","guid":{"rendered":"https:\/\/www.albinfo.ch\/?p=860169"},"modified":"2025-09-13T20:31:48","modified_gmt":"2025-09-13T18:31:48","slug":"la-migration-et-les-conflits-identitaires-themes-centraux-du-festival-kino-kosova","status":"publish","type":"post","link":"https:\/\/www.albinfo.at\/fr\/la-migration-et-les-conflits-identitaires-themes-centraux-du-festival-kino-kosova\/","title":{"rendered":"La migration et les conflits identitaires, th\u00e8mes centraux du festival &#8220;Kino Kosova&#8221;"},"content":{"rendered":"<p data-start=\"0\" data-end=\"346\">Le festival du film \u201cKino Kosova\u201d a v\u00e9cu hier sa troisi\u00e8me journ\u00e9e, marqu\u00e9e par des projections de films de plusieurs genres, des tables rondes et de la musique. L\u2019ensemble a donn\u00e9 l\u2019impression d\u2019un \u00e9v\u00e9nement culturel consolid\u00e9 r\u00e9pondant aux standards d\u2019un v\u00e9ritable festival de cin\u00e9ma, ce qui m\u00e9rite les remerciements aux organisateurs.<\/p>\n<p data-start=\"348\" data-end=\"759\">Un panel de d\u00e9bat sur le th\u00e8me <em data-start=\"379\" data-end=\"401\">\u201cLe vide du public\u2026\u201d<\/em> a eu lieu dans le programme de l\u2019apr\u00e8s-midi, o\u00f9 les intervenants ont abord\u00e9 les lacunes culturelles \u00e0 l\u2019\u00e9cran. Le panel a examin\u00e9 la question de savoir comment la distribution, la langue et m\u00eame le lieu d\u00e9terminent qui peut voir quelles histoires et ce que les festivals peuvent faire pour rendre le cin\u00e9ma plus inclusif et d\u00e9mocratique, \u00e9crit albinfo.ch.<\/p>\n<p><a href=\"https:\/\/www.albinfo.ch\/wp-content\/uploads\/2025\/09\/unwanted.jpg\"><img loading=\"lazy\" decoding=\"async\" class=\"alignnone wp-image-860024\" src=\"https:\/\/www.albinfo.ch\/wp-content\/uploads\/2025\/09\/unwanted.jpg\" alt=\"\" width=\"600\" height=\"363\" srcset=\"https:\/\/www.albinfo.at\/wp-content\/uploads\/2025\/09\/unwanted.jpg 555w, https:\/\/www.albinfo.at\/wp-content\/uploads\/2025\/09\/unwanted-300x182.jpg 300w, https:\/\/www.albinfo.at\/wp-content\/uploads\/2025\/09\/unwanted-165x100.jpg 165w, https:\/\/www.albinfo.at\/wp-content\/uploads\/2025\/09\/unwanted-265x160.jpg 265w\" sizes=\"auto, (max-width: 600px) 100vw, 600px\" \/><\/a><\/p>\n<p data-start=\"0\" data-end=\"586\">Dans le programme de l\u2019apr\u00e8s-midi a \u00e9t\u00e9 projet\u00e9 le long-m\u00e9trage artistique \u201cUnwanted\u201d (Ind\u00e9sirable), du r\u00e9alisateur albanais \u00e9tabli aux Pays-Bas, Edon Rizvanolli.<br data-start=\"171\" data-end=\"174\" \/>En 1998, il a r\u00e9alis\u00e9 son premier court-m\u00e9trage <em data-start=\"222\" data-end=\"233\">Blownaway<\/em>, suivi du documentaire prim\u00e9 <em data-start=\"263\" data-end=\"311\">Shuffle &#8211; Politics, Bullshit and Rock \u2019n\u2019 Roll<\/em>, consacr\u00e9 \u00e0 la sc\u00e8ne musicale alternative de Pristina. Depuis 2007, il vit \u00e0 Amsterdam o\u00f9 il travaille comme acteur, r\u00e9alisateur et monteur de films. <em data-start=\"462\" data-end=\"472\">Unwanted<\/em> constitue son premier long-m\u00e9trage de fiction, dont la premi\u00e8re mondiale a eu lieu au festival de Karlovy Vary.<\/p>\n<p data-start=\"588\" data-end=\"863\">Synopsis du film: L\u2019adolescent Alban vit \u00e0 Amsterdam avec sa m\u00e8re, Zana, qui a fui le Kosovo pendant la guerre des Balkans. Lorsque Alban commence une relation avec la sensible Ana, aucun des deux ne soup\u00e7onne que les blessures et les ombres du pass\u00e9 referont surface.<\/p>\n<p><a href=\"https:\/\/www.albinfo.ch\/wp-content\/uploads\/2025\/09\/dee6dd8f-054c-4993-967a-06f65743e98d.jpg\"><img loading=\"lazy\" decoding=\"async\" class=\"alignnone wp-image-860015\" src=\"https:\/\/www.albinfo.ch\/wp-content\/uploads\/2025\/09\/dee6dd8f-054c-4993-967a-06f65743e98d.jpg\" alt=\"\" width=\"600\" height=\"450\" srcset=\"https:\/\/www.albinfo.at\/wp-content\/uploads\/2025\/09\/dee6dd8f-054c-4993-967a-06f65743e98d.jpg 2048w, https:\/\/www.albinfo.at\/wp-content\/uploads\/2025\/09\/dee6dd8f-054c-4993-967a-06f65743e98d-300x225.jpg 300w, https:\/\/www.albinfo.at\/wp-content\/uploads\/2025\/09\/dee6dd8f-054c-4993-967a-06f65743e98d-1024x768.jpg 1024w, https:\/\/www.albinfo.at\/wp-content\/uploads\/2025\/09\/dee6dd8f-054c-4993-967a-06f65743e98d-768x576.jpg 768w, https:\/\/www.albinfo.at\/wp-content\/uploads\/2025\/09\/dee6dd8f-054c-4993-967a-06f65743e98d-1536x1152.jpg 1536w, https:\/\/www.albinfo.at\/wp-content\/uploads\/2025\/09\/dee6dd8f-054c-4993-967a-06f65743e98d-528x396.jpg 528w, https:\/\/www.albinfo.at\/wp-content\/uploads\/2025\/09\/dee6dd8f-054c-4993-967a-06f65743e98d-133x100.jpg 133w, https:\/\/www.albinfo.at\/wp-content\/uploads\/2025\/09\/dee6dd8f-054c-4993-967a-06f65743e98d-233x175.jpg 233w\" sizes=\"auto, (max-width: 600px) 100vw, 600px\" \/><\/a><\/p>\n<p data-start=\"0\" data-end=\"405\">Ensuite, le programme du soir a propos\u00e9 deux activit\u00e9s parall\u00e8les: d\u2019un c\u00f4t\u00e9, la projection de cinq courts-m\u00e9trages venus du Kosovo, de la Suisse et d\u2019ailleurs, dans une salle alternative; de l\u2019autre, un \u00e9v\u00e9nement au cin\u00e9ma Rex, o\u00f9 l\u2019Ambassade du Kosovo a accueilli le personnel de l\u2019Ambassade du Portugal \u00e0 Berne. \u00c0 cette occasion, plusieurs films des deux pays respectifs ont \u00e9t\u00e9 pr\u00e9sent\u00e9s.<\/p>\n<p data-start=\"407\" data-end=\"732\">Le th\u00e8me central des films projet\u00e9s dans le programme principal a poursuivi la ligne \u00e9ditoriale qui distingue ce festival : la probl\u00e9matique des migrations, la complexit\u00e9 des identit\u00e9s\u00a0 qu\u2019elles soient ethniques, de genre ou autres. Apr\u00e8s la projection de certains films, une discussion a \u00e9t\u00e9 organis\u00e9e avec leurs auteurs.<\/p>\n<p data-start=\"734\" data-end=\"1156\">Le premier film de ce cycle fut <em data-start=\"766\" data-end=\"797\">\u201cWie lange bleibt Ihr noch ?\u201d<\/em> (<em data-start=\"799\" data-end=\"840\">Combien de temps resterez-vous encore?<\/em>). Dans ce court-m\u00e9trage, les jeunes r\u00e9alisateurs allemands Arnit Likaj et Jasmin Rai explorent leurs propres exp\u00e9riences et ressentis li\u00e9s au fait de se trouver pris entre deux cultures. Issus de familles migrantes, ils ne se sentent pleinement chez eux ni en Allemagne ni dans le pays d\u2019origine de leurs parents.<\/p>\n<p><a href=\"https:\/\/www.albinfo.ch\/wp-content\/uploads\/2025\/09\/f5184544-dfbb-4e6d-9fe3-b6666e24bf68.jpg\"><img loading=\"lazy\" decoding=\"async\" class=\"alignnone wp-image-860018\" src=\"https:\/\/www.albinfo.ch\/wp-content\/uploads\/2025\/09\/f5184544-dfbb-4e6d-9fe3-b6666e24bf68.jpg\" alt=\"\" width=\"600\" height=\"450\" srcset=\"https:\/\/www.albinfo.at\/wp-content\/uploads\/2025\/09\/f5184544-dfbb-4e6d-9fe3-b6666e24bf68.jpg 2048w, https:\/\/www.albinfo.at\/wp-content\/uploads\/2025\/09\/f5184544-dfbb-4e6d-9fe3-b6666e24bf68-300x225.jpg 300w, https:\/\/www.albinfo.at\/wp-content\/uploads\/2025\/09\/f5184544-dfbb-4e6d-9fe3-b6666e24bf68-1024x768.jpg 1024w, https:\/\/www.albinfo.at\/wp-content\/uploads\/2025\/09\/f5184544-dfbb-4e6d-9fe3-b6666e24bf68-768x576.jpg 768w, https:\/\/www.albinfo.at\/wp-content\/uploads\/2025\/09\/f5184544-dfbb-4e6d-9fe3-b6666e24bf68-1536x1152.jpg 1536w, https:\/\/www.albinfo.at\/wp-content\/uploads\/2025\/09\/f5184544-dfbb-4e6d-9fe3-b6666e24bf68-528x396.jpg 528w, https:\/\/www.albinfo.at\/wp-content\/uploads\/2025\/09\/f5184544-dfbb-4e6d-9fe3-b6666e24bf68-133x100.jpg 133w, https:\/\/www.albinfo.at\/wp-content\/uploads\/2025\/09\/f5184544-dfbb-4e6d-9fe3-b6666e24bf68-233x175.jpg 233w\" sizes=\"auto, (max-width: 600px) 100vw, 600px\" \/><\/a><\/p>\n<p data-start=\"0\" data-end=\"293\">Dans le film, ils travaillent avec des textes \u00e9crits et parl\u00e9s par eux-m\u00eames dans leurs langues maternelles, tout en d\u00e9crivant le processus de transformation des pommes de terre dans une usine en Allemagne, o\u00f9 ils sont employ\u00e9s. Ce court-m\u00e9trage constitue leur premi\u00e8re r\u00e9alisation.<\/p>\n<p data-start=\"295\" data-end=\"583\">Arnit Likaj a ensuite r\u00e9pondu aux questions de la mod\u00e9ratrice, Aleksandra Hiltmann, concernant le th\u00e8me abord\u00e9 dans le film. Il a mis l\u2019accent sur le dualisme des identit\u00e9s, qui na\u00eet de la vie en exil et du maintien du lien avec la patrie, que ce soit la sienne ou celle de ses parents.<\/p>\n<p data-start=\"585\" data-end=\"818\">Un autre film projet\u00e9 hier soir \u00e9tait <em data-start=\"623\" data-end=\"656\">\u201cShe Asked Me Where I Was From\u201d<\/em> (<em data-start=\"658\" data-end=\"691\">Elle m\u2019a demand\u00e9 d\u2019o\u00f9 je venais<\/em>), r\u00e9alis\u00e9 par Aulona Fetahaj. Il s\u2019agit d\u2019un film personnel sur la vie des r\u00e9fugi\u00e9s (et de leurs enfants) \u00e0 l\u2019\u00e8re num\u00e9rique.<\/p>\n<p data-start=\"820\" data-end=\"1064\">Aulona Fetahaj a \u00e9tudi\u00e9 le cin\u00e9ma \u00e0 l\u2019Universit\u00e9 Sint-Lukas de Bruxelles. Elle recherche un langage cin\u00e9matographique autour de la maison et du d\u00e9placement, en explorant le r\u00f4le que jouent les souvenirs dans la (re)construction des identit\u00e9s.<\/p>\n<p><a href=\"https:\/\/www.albinfo.ch\/wp-content\/uploads\/2025\/09\/kino.jpg\"><img loading=\"lazy\" decoding=\"async\" class=\"alignnone wp-image-860021\" src=\"https:\/\/www.albinfo.ch\/wp-content\/uploads\/2025\/09\/kino.jpg\" alt=\"\" width=\"600\" height=\"450\" srcset=\"https:\/\/www.albinfo.at\/wp-content\/uploads\/2025\/09\/kino.jpg 2048w, https:\/\/www.albinfo.at\/wp-content\/uploads\/2025\/09\/kino-300x225.jpg 300w, https:\/\/www.albinfo.at\/wp-content\/uploads\/2025\/09\/kino-1024x768.jpg 1024w, https:\/\/www.albinfo.at\/wp-content\/uploads\/2025\/09\/kino-768x576.jpg 768w, https:\/\/www.albinfo.at\/wp-content\/uploads\/2025\/09\/kino-1536x1152.jpg 1536w, https:\/\/www.albinfo.at\/wp-content\/uploads\/2025\/09\/kino-528x396.jpg 528w, https:\/\/www.albinfo.at\/wp-content\/uploads\/2025\/09\/kino-133x100.jpg 133w, https:\/\/www.albinfo.at\/wp-content\/uploads\/2025\/09\/kino-233x175.jpg 233w\" sizes=\"auto, (max-width: 600px) 100vw, 600px\" \/><\/a><\/p>\n<p data-start=\"0\" data-end=\"164\">&#8220;Notre nom est \u00e9tranger\u201d (<em data-start=\"33\" data-end=\"56\">Emri yn\u00eb \u00ebsht\u00eb i huaj<\/em>) \u00e9tait le film suivant, r\u00e9alis\u00e9 par la jeune cin\u00e9aste suisse d\u2019origine kurde de Turquie, Seline Besill.<\/p>\n<p data-start=\"166\" data-end=\"476\">H\u00eal\u00een, Selin, Firat et Serhat sont des fr\u00e8res et s\u0153urs qui ont grandi dans un village de Suisse centrale. \u00c0 travers des r\u00e9cits \u00e0 la premi\u00e8re personne, ils \u00e9voquent leurs souvenirs d\u2019enfance en Suisse, marqu\u00e9s par des exp\u00e9riences n\u00e9gatives et les pr\u00e9jug\u00e9s auxquels ils ont \u00e9t\u00e9 confront\u00e9s en tant qu\u2019\u00e9trangers.<\/p>\n<p data-start=\"478\" data-end=\"616\"><em data-start=\"478\" data-end=\"491\">&#8220;Dandelion\u201d<\/em> (<em data-start=\"493\" data-end=\"506\">Luleradhiqe<\/em>) est un film de la r\u00e9alisatrice su\u00e9do-albanaise Fiona Obertinca qui aborde le th\u00e8me des identit\u00e9s de genre.<\/p>\n<p><a href=\"https:\/\/www.albinfo.ch\/wp-content\/uploads\/2025\/09\/dandelion.png\"><img loading=\"lazy\" decoding=\"async\" class=\"alignnone wp-image-860027\" src=\"https:\/\/www.albinfo.ch\/wp-content\/uploads\/2025\/09\/dandelion.png\" alt=\"\" width=\"600\" height=\"375\" srcset=\"https:\/\/www.albinfo.at\/wp-content\/uploads\/2025\/09\/dandelion.png 1600w, https:\/\/www.albinfo.at\/wp-content\/uploads\/2025\/09\/dandelion-300x188.png 300w, https:\/\/www.albinfo.at\/wp-content\/uploads\/2025\/09\/dandelion-1024x640.png 1024w, https:\/\/www.albinfo.at\/wp-content\/uploads\/2025\/09\/dandelion-768x480.png 768w, https:\/\/www.albinfo.at\/wp-content\/uploads\/2025\/09\/dandelion-1536x960.png 1536w, https:\/\/www.albinfo.at\/wp-content\/uploads\/2025\/09\/dandelion-587x367.png 587w, https:\/\/www.albinfo.at\/wp-content\/uploads\/2025\/09\/dandelion-160x100.png 160w, https:\/\/www.albinfo.at\/wp-content\/uploads\/2025\/09\/dandelion-265x166.png 265w\" sizes=\"auto, (max-width: 600px) 100vw, 600px\" \/><\/a><\/p>\n<p data-start=\"0\" data-end=\"262\">Dans le Los Angeles des ann\u00e9es 1970, l\u2019adolescente queer et rebelle Margaret est \u00e0 nouveau exclue d\u2019une famille d\u2019accueil et se retrouve sous la responsabilit\u00e9 d\u2019une assistante sociale myst\u00e9rieuse, charg\u00e9e de lui trouver un nouveau foyer avant l\u2019aube&#8230;<\/p>\n<p data-start=\"264\" data-end=\"718\">Fiona elle-m\u00eame est une r\u00e9fugi\u00e9e originaire du Kosovo et la fille d\u2019une m\u00e8re c\u00e9libataire avec quatre enfants. Elle raconte des histoires de femmes complexes, r\u00e9sistantes, avec c\u0153ur et humour. Son court-m\u00e9trage <em data-start=\"474\" data-end=\"484\">SHP\u00cbTIMI<\/em> a remport\u00e9 un prix au Festival Pixel. <em data-start=\"523\" data-end=\"534\">Dandelion<\/em> a \u00e9t\u00e9 prim\u00e9 \u00e0 Brooklyn et Palm Springs, entre autres. Elle est dipl\u00f4m\u00e9e du Conservatoire de l\u2019American Film Institute et enseigne l\u2019\u00e9criture de sc\u00e9nario \u00e0 l\u2019Universit\u00e9 Northwestern.<\/p>\n<p data-start=\"720\" data-end=\"859\">Au programme de la nuit (\u00e0 partir de 22h00) a \u00e9t\u00e9 projet\u00e9 le long-m\u00e9trage <em data-start=\"794\" data-end=\"803\">G\u00fclizar<\/em>, premi\u00e8re coproduction entre le Kosovo et la Turquie.<\/p>\n<p data-start=\"861\" data-end=\"1079\">Aujourd\u2019hui, le programme se poursuit avec des projections de films, un d\u00e9bat et, en cl\u00f4ture, le concert de la jeune chanteuse kosovare \u00e0 succ\u00e8s Agona Shporta avec son quintet, qui pr\u00e9sentera son album <em data-start=\"1063\" data-end=\"1076\">Hape port\u00ebn<\/em>.<\/p>\n<p data-start=\"1081\" data-end=\"1171\">La plateforme m\u00e9diatique albinfo.ch est partenaire m\u00e9diatique du festival <em data-start=\"1155\" data-end=\"1168\">Kino Kosova<\/em>.<\/p>\n<p>&nbsp;<\/p>\n","protected":false},"excerpt":{"rendered":"<p>Les th\u00e8mes des films du festival qui se tient \u00e0 Berne : Le probl\u00e8me de la migration, le complexe d&#8217;identit\u00e9s, ethniques, de genre, etc.<\/p>\n","protected":false},"author":6,"featured_media":860013,"comment_status":"closed","ping_status":"closed","sticky":false,"template":"","format":"standard","meta":{"footnotes":""},"categories":[34498,1171,24637,24666,24630,1163,1168,1170,1186],"tags":[],"vendi":[31854],"content_country":[31835,31838,31840],"class_list":["post-860169","post","type-post","status-publish","format-standard","has-post-thumbnail","hentry","category-evente-fr","category-thematique","category-nouvelles-fr-4","category-cinema","category-nouvelles","category-fr-e-diaspora","category-culture","category-vivre-en-suisse","category-couverture-de-terrain","vendi-berne","content_country-austria-fr","content_country-germany-fr","content_country-zvicer-fr"],"acf":[],"_links":{"self":[{"href":"https:\/\/www.albinfo.at\/fr\/wp-json\/wp\/v2\/posts\/860169","targetHints":{"allow":["GET"]}}],"collection":[{"href":"https:\/\/www.albinfo.at\/fr\/wp-json\/wp\/v2\/posts"}],"about":[{"href":"https:\/\/www.albinfo.at\/fr\/wp-json\/wp\/v2\/types\/post"}],"author":[{"embeddable":true,"href":"https:\/\/www.albinfo.at\/fr\/wp-json\/wp\/v2\/users\/6"}],"replies":[{"embeddable":true,"href":"https:\/\/www.albinfo.at\/fr\/wp-json\/wp\/v2\/comments?post=860169"}],"version-history":[{"count":1,"href":"https:\/\/www.albinfo.at\/fr\/wp-json\/wp\/v2\/posts\/860169\/revisions"}],"predecessor-version":[{"id":860170,"href":"https:\/\/www.albinfo.at\/fr\/wp-json\/wp\/v2\/posts\/860169\/revisions\/860170"}],"wp:featuredmedia":[{"embeddable":true,"href":"https:\/\/www.albinfo.at\/fr\/wp-json\/wp\/v2\/media\/860013"}],"wp:attachment":[{"href":"https:\/\/www.albinfo.at\/fr\/wp-json\/wp\/v2\/media?parent=860169"}],"wp:term":[{"taxonomy":"category","embeddable":true,"href":"https:\/\/www.albinfo.at\/fr\/wp-json\/wp\/v2\/categories?post=860169"},{"taxonomy":"post_tag","embeddable":true,"href":"https:\/\/www.albinfo.at\/fr\/wp-json\/wp\/v2\/tags?post=860169"},{"taxonomy":"vendi","embeddable":true,"href":"https:\/\/www.albinfo.at\/fr\/wp-json\/wp\/v2\/vendi?post=860169"},{"taxonomy":"content_country","embeddable":true,"href":"https:\/\/www.albinfo.at\/fr\/wp-json\/wp\/v2\/content_country?post=860169"}],"curies":[{"name":"wp","href":"https:\/\/api.w.org\/{rel}","templated":true}]}}