{"id":859962,"date":"2025-09-12T23:28:24","date_gmt":"2025-09-12T21:28:24","guid":{"rendered":"https:\/\/www.albinfo.ch\/?p=859962"},"modified":"2025-09-12T23:31:19","modified_gmt":"2025-09-12T21:31:19","slug":"green-coast-hotel-mgallery-collection-gewinnt-den-preis-architektonisches-highlight-des-jahres-bei-den-gri-awards-europe-2025","status":"publish","type":"post","link":"https:\/\/www.albinfo.at\/fr\/green-coast-hotel-mgallery-collection-gewinnt-den-preis-architektonisches-highlight-des-jahres-bei-den-gri-awards-europe-2025\/","title":{"rendered":"Green Coast Hotel &#8211; MGallery Collection gewinnt den Preis &#8220;Architektonisches Highlight des Jahres&#8221; bei den GRI Awards Europe 2025."},"content":{"rendered":"<p>\u00c0 Paris, lors de la c\u00e9r\u00e9monie organis\u00e9e par l\u2019Institut GRI, le Green Coast Hotel \u2013 MGallery Collection a \u00e9t\u00e9 r\u00e9compens\u00e9 par le prestigieux prix de la meilleure architecture de l\u2019ann\u00e9e.<br data-start=\"193\" data-end=\"196\" \/>C\u2019est la premi\u00e8re fois qu\u2019un projet provenant d\u2019Albanie remporte ce prix.<\/p>\n<p><a href=\"https:\/\/www.griinstitute.org\/realestate\/event\/gri-awards-europe-2025_4932\">GRI Awards Europe 2025<\/a> sont organis\u00e9s chaque ann\u00e9e afin de distinguer les r\u00e9alisations dans le secteur de l\u2019immobilier, couvrant 12 cat\u00e9gories diff\u00e9rentes.<\/p>\n<p><em><a href=\"https:\/\/www.albinfo.ch\/wp-content\/uploads\/2025\/09\/2.webp\"><img loading=\"lazy\" decoding=\"async\" class=\"alignnone size-large wp-image-859846\" src=\"https:\/\/www.albinfo.ch\/wp-content\/uploads\/2025\/09\/2-1024x683.webp\" alt=\"\" width=\"640\" height=\"427\" srcset=\"https:\/\/www.albinfo.at\/wp-content\/uploads\/2025\/09\/2-1024x683.webp 1024w, https:\/\/www.albinfo.at\/wp-content\/uploads\/2025\/09\/2-300x200.webp 300w, https:\/\/www.albinfo.at\/wp-content\/uploads\/2025\/09\/2-768x512.webp 768w, https:\/\/www.albinfo.at\/wp-content\/uploads\/2025\/09\/2-1536x1024.webp 1536w, https:\/\/www.albinfo.at\/wp-content\/uploads\/2025\/09\/2-210x141.webp 210w, https:\/\/www.albinfo.at\/wp-content\/uploads\/2025\/09\/2-587x391.webp 587w, https:\/\/www.albinfo.at\/wp-content\/uploads\/2025\/09\/2-150x100.webp 150w, https:\/\/www.albinfo.at\/wp-content\/uploads\/2025\/09\/2-263x175.webp 263w, https:\/\/www.albinfo.at\/wp-content\/uploads\/2025\/09\/2.webp 1620w\" sizes=\"auto, (max-width: 640px) 100vw, 640px\" \/><\/a><\/em><\/p>\n<p>&#8221; Cette distinction ne concerne pas seulement un b\u00e2timent, mais une vision : l\u00e0 o\u00f9 les standards internationaux rencontrent l\u2019expertise locale, naissent l\u2019\u00e9l\u00e9gance, la durabilit\u00e9 et le respect de la nature. Le Green Coast Hotel &#8211; MGallery\u00a0 Collection hisse l\u2019h\u00f4tellerie des Balkans occidentaux \u00e0 un niveau sup\u00e9rieur &#8220;, a d\u00e9clar\u00e9 M. Armando Alicanaj, CEO de Green Coast, lors de son discours \u00e0 la c\u00e9r\u00e9monie de remise des prix \u00e0 Paris.<\/p>\n<p><a href=\"https:\/\/www.albinfo.ch\/wp-content\/uploads\/2025\/09\/3.webp\"><img loading=\"lazy\" decoding=\"async\" class=\"alignnone size-large wp-image-859849\" src=\"https:\/\/www.albinfo.ch\/wp-content\/uploads\/2025\/09\/3-1024x683.webp\" alt=\"\" width=\"640\" height=\"427\" srcset=\"https:\/\/www.albinfo.at\/wp-content\/uploads\/2025\/09\/3-1024x683.webp 1024w, https:\/\/www.albinfo.at\/wp-content\/uploads\/2025\/09\/3-300x200.webp 300w, https:\/\/www.albinfo.at\/wp-content\/uploads\/2025\/09\/3-768x512.webp 768w, https:\/\/www.albinfo.at\/wp-content\/uploads\/2025\/09\/3-1536x1024.webp 1536w, https:\/\/www.albinfo.at\/wp-content\/uploads\/2025\/09\/3-210x141.webp 210w, https:\/\/www.albinfo.at\/wp-content\/uploads\/2025\/09\/3-587x391.webp 587w, https:\/\/www.albinfo.at\/wp-content\/uploads\/2025\/09\/3-150x100.webp 150w, https:\/\/www.albinfo.at\/wp-content\/uploads\/2025\/09\/3-263x175.webp 263w, https:\/\/www.albinfo.at\/wp-content\/uploads\/2025\/09\/3.webp 1620w\" sizes=\"auto, (max-width: 640px) 100vw, 640px\" \/><\/a><\/p>\n<p>Selon le jury, le projet r\u00e9unit l\u2019exp\u00e9rience internationale avec la cr\u00e9ativit\u00e9 et le savoir-faire des professionnels albanais, donnant naissance \u00e0 un r\u00e9sultat qui refl\u00e8te \u00e9l\u00e9gance, durabilit\u00e9 et harmonie avec la nature.<\/p>\n<p><a href=\"https:\/\/www.albinfo.ch\/wp-content\/uploads\/2025\/09\/4.webp\"><img loading=\"lazy\" decoding=\"async\" class=\"alignnone size-large wp-image-859852\" src=\"https:\/\/www.albinfo.ch\/wp-content\/uploads\/2025\/09\/4-1024x683.webp\" alt=\"\" width=\"640\" height=\"427\" srcset=\"https:\/\/www.albinfo.at\/wp-content\/uploads\/2025\/09\/4-1024x683.webp 1024w, https:\/\/www.albinfo.at\/wp-content\/uploads\/2025\/09\/4-300x200.webp 300w, https:\/\/www.albinfo.at\/wp-content\/uploads\/2025\/09\/4-768x512.webp 768w, https:\/\/www.albinfo.at\/wp-content\/uploads\/2025\/09\/4-1536x1024.webp 1536w, https:\/\/www.albinfo.at\/wp-content\/uploads\/2025\/09\/4-210x141.webp 210w, https:\/\/www.albinfo.at\/wp-content\/uploads\/2025\/09\/4-587x391.webp 587w, https:\/\/www.albinfo.at\/wp-content\/uploads\/2025\/09\/4-150x100.webp 150w, https:\/\/www.albinfo.at\/wp-content\/uploads\/2025\/09\/4-263x175.webp 263w, https:\/\/www.albinfo.at\/wp-content\/uploads\/2025\/09\/4.webp 1620w\" sizes=\"auto, (max-width: 640px) 100vw, 640px\" \/><\/a><\/p>\n<p>Green Coast Hotel &#8211; MGallery marque une \u00e9tape importante dans le parcours de\u00a0 <a href=\"https:\/\/balfin.al\/\">BALFIN Group<\/a>\u00a0 dans l\u2019industrie de l\u2019immobilier. Cette distinction d\u00e9montre que, lorsque la croissance s\u2019accompagne de responsabilit\u00e9 et le design d\u2019une intention claire, les r\u00e9sultats \u00e9tablissent de nouveaux standards dans le secteur. BALFIN Group d\u00e9veloppe actuellement plusieurs projets immobiliers en Autriche, en Albanie, aux \u00c9tats-Unis, au Canada, en Mac\u00e9doine du Nord ainsi que dans d\u2019autres pays.<\/p>\n<p><a href=\"https:\/\/www.albinfo.ch\/wp-content\/uploads\/2025\/09\/5.webp\"><img loading=\"lazy\" decoding=\"async\" class=\"alignnone size-large wp-image-859855\" src=\"https:\/\/www.albinfo.ch\/wp-content\/uploads\/2025\/09\/5-1024x683.webp\" alt=\"\" width=\"640\" height=\"427\" srcset=\"https:\/\/www.albinfo.at\/wp-content\/uploads\/2025\/09\/5-1024x683.webp 1024w, https:\/\/www.albinfo.at\/wp-content\/uploads\/2025\/09\/5-300x200.webp 300w, https:\/\/www.albinfo.at\/wp-content\/uploads\/2025\/09\/5-768x512.webp 768w, https:\/\/www.albinfo.at\/wp-content\/uploads\/2025\/09\/5-1536x1024.webp 1536w, https:\/\/www.albinfo.at\/wp-content\/uploads\/2025\/09\/5-210x141.webp 210w, https:\/\/www.albinfo.at\/wp-content\/uploads\/2025\/09\/5-587x391.webp 587w, https:\/\/www.albinfo.at\/wp-content\/uploads\/2025\/09\/5-150x100.webp 150w, https:\/\/www.albinfo.at\/wp-content\/uploads\/2025\/09\/5-263x175.webp 263w, https:\/\/www.albinfo.at\/wp-content\/uploads\/2025\/09\/5.webp 1620w\" sizes=\"auto, (max-width: 640px) 100vw, 640px\" \/><\/a><\/p>\n<p>Les GRI Awards Europe, organis\u00e9s chaque ann\u00e9e par le\u00a0\u00a0<a href=\"https:\/\/www.griinstitute.org\/\">GRI Institute<\/a>, comptent parmi les distinctions les plus prestigieuses du secteur immobilier en Europe. Ils r\u00e9compensent des projets et organisations qui allient d\u00e9veloppement, innovation, durabilit\u00e9 et impact social, \u00e9tablissant ainsi de nouvelles r\u00e9f\u00e9rences pour l\u2019industrie. Ces prix mettent en valeur des initiatives qui fa\u00e7onnent un environnement plus durable et plus responsable. La s\u00e9lection se fait \u00e0 travers un processus rigoureux, combinant l\u2019\u00e9valuation d\u2019experts et un vote.<\/p>\n<figure id=\"attachment_859859\" aria-describedby=\"caption-attachment-859859\" style=\"width: 640px\" class=\"wp-caption alignnone\"><a href=\"https:\/\/www.albinfo.ch\/wp-content\/uploads\/2025\/09\/6-scaled.jpg\"><img loading=\"lazy\" decoding=\"async\" class=\"size-large wp-image-859859\" src=\"https:\/\/www.albinfo.ch\/wp-content\/uploads\/2025\/09\/6-1024x767.jpg\" alt=\"\" width=\"640\" height=\"479\" srcset=\"https:\/\/www.albinfo.at\/wp-content\/uploads\/2025\/09\/6-1024x767.jpg 1024w, https:\/\/www.albinfo.at\/wp-content\/uploads\/2025\/09\/6-300x225.jpg 300w, https:\/\/www.albinfo.at\/wp-content\/uploads\/2025\/09\/6-768x575.jpg 768w, https:\/\/www.albinfo.at\/wp-content\/uploads\/2025\/09\/6-1536x1150.jpg 1536w, https:\/\/www.albinfo.at\/wp-content\/uploads\/2025\/09\/6-2048x1534.jpg 2048w, https:\/\/www.albinfo.at\/wp-content\/uploads\/2025\/09\/6-529x396.jpg 529w, https:\/\/www.albinfo.at\/wp-content\/uploads\/2025\/09\/6-134x100.jpg 134w, https:\/\/www.albinfo.at\/wp-content\/uploads\/2025\/09\/6-234x175.jpg 234w\" sizes=\"auto, (max-width: 640px) 100vw, 640px\" \/><\/a><figcaption id=\"caption-attachment-859859\" class=\"wp-caption-text\">albinfo.ch<\/figcaption><\/figure>\n<figure id=\"attachment_859862\" aria-describedby=\"caption-attachment-859862\" style=\"width: 640px\" class=\"wp-caption alignnone\"><a href=\"https:\/\/www.albinfo.ch\/wp-content\/uploads\/2025\/09\/7-scaled.jpg\"><img loading=\"lazy\" decoding=\"async\" class=\"wp-image-859862 size-large\" src=\"https:\/\/www.albinfo.ch\/wp-content\/uploads\/2025\/09\/7-1024x683.jpg\" alt=\"\" width=\"640\" height=\"427\" srcset=\"https:\/\/www.albinfo.at\/wp-content\/uploads\/2025\/09\/7-1024x683.jpg 1024w, https:\/\/www.albinfo.at\/wp-content\/uploads\/2025\/09\/7-300x200.jpg 300w, https:\/\/www.albinfo.at\/wp-content\/uploads\/2025\/09\/7-768x512.jpg 768w, https:\/\/www.albinfo.at\/wp-content\/uploads\/2025\/09\/7-1536x1024.jpg 1536w, https:\/\/www.albinfo.at\/wp-content\/uploads\/2025\/09\/7-2048x1366.jpg 2048w, https:\/\/www.albinfo.at\/wp-content\/uploads\/2025\/09\/7-210x141.jpg 210w, https:\/\/www.albinfo.at\/wp-content\/uploads\/2025\/09\/7-587x392.jpg 587w, https:\/\/www.albinfo.at\/wp-content\/uploads\/2025\/09\/7-150x100.jpg 150w, https:\/\/www.albinfo.at\/wp-content\/uploads\/2025\/09\/7-262x175.jpg 262w\" sizes=\"auto, (max-width: 640px) 100vw, 640px\" \/><\/a><figcaption id=\"caption-attachment-859862\" class=\"wp-caption-text\">albinfo.ch<\/figcaption><\/figure>\n<figure id=\"attachment_859866\" aria-describedby=\"caption-attachment-859866\" style=\"width: 640px\" class=\"wp-caption alignnone\"><a href=\"https:\/\/www.albinfo.ch\/wp-content\/uploads\/2025\/09\/foto-1-1.webp\"><img loading=\"lazy\" decoding=\"async\" class=\"size-large wp-image-859866\" src=\"https:\/\/www.albinfo.ch\/wp-content\/uploads\/2025\/09\/foto-1-1-1024x683.webp\" alt=\"\" width=\"640\" height=\"427\" srcset=\"https:\/\/www.albinfo.at\/wp-content\/uploads\/2025\/09\/foto-1-1-1024x683.webp 1024w, https:\/\/www.albinfo.at\/wp-content\/uploads\/2025\/09\/foto-1-1-300x200.webp 300w, https:\/\/www.albinfo.at\/wp-content\/uploads\/2025\/09\/foto-1-1-768x512.webp 768w, https:\/\/www.albinfo.at\/wp-content\/uploads\/2025\/09\/foto-1-1-1536x1024.webp 1536w, https:\/\/www.albinfo.at\/wp-content\/uploads\/2025\/09\/foto-1-1-210x141.webp 210w, https:\/\/www.albinfo.at\/wp-content\/uploads\/2025\/09\/foto-1-1-587x391.webp 587w, https:\/\/www.albinfo.at\/wp-content\/uploads\/2025\/09\/foto-1-1-150x100.webp 150w, https:\/\/www.albinfo.at\/wp-content\/uploads\/2025\/09\/foto-1-1-263x175.webp 263w, https:\/\/www.albinfo.at\/wp-content\/uploads\/2025\/09\/foto-1-1.webp 1620w\" sizes=\"auto, (max-width: 640px) 100vw, 640px\" \/><\/a><figcaption id=\"caption-attachment-859866\" class=\"wp-caption-text\">albinfo.ch<\/figcaption><\/figure>\n<p>&nbsp;<\/p>\n","protected":false},"excerpt":{"rendered":"<p>\u00c0 Paris, lors de la c\u00e9r\u00e9monie organis\u00e9e par l\u2019Institut GRI, le Green Coast Hotel \u2013 MGallery Collection a \u00e9t\u00e9 r\u00e9compens\u00e9 par le prestigieux prix de la meilleure architecture de l\u2019ann\u00e9e.C\u2019est la premi\u00e8re fois qu\u2019un projet provenant d\u2019Albanie remporte ce prix. GRI Awards Europe 2025 sont organis\u00e9s chaque ann\u00e9e afin de distinguer les r\u00e9alisations dans le [&hellip;]<\/p>\n","protected":false},"author":6,"featured_media":859844,"comment_status":"closed","ping_status":"closed","sticky":false,"template":"","format":"standard","meta":{"footnotes":""},"categories":[33083,23272,3943,3944,23270,24623,1159,1411,2014],"tags":[],"vendi":[],"content_country":[31835,31838,31840],"class_list":["post-859962","post","type-post","status-publish","format-standard","has-post-thumbnail","hentry","category-de-balkani-fr","category-albanie","category-shqiperia-fr","category-turizmi-fr","category-at-balkani-fr","category-albanie-fr","category-ch-balkans","category-newsletter-fr","category-newsletter-media-fr","content_country-austria-fr","content_country-germany-fr","content_country-zvicer-fr"],"acf":[],"_links":{"self":[{"href":"https:\/\/www.albinfo.at\/fr\/wp-json\/wp\/v2\/posts\/859962","targetHints":{"allow":["GET"]}}],"collection":[{"href":"https:\/\/www.albinfo.at\/fr\/wp-json\/wp\/v2\/posts"}],"about":[{"href":"https:\/\/www.albinfo.at\/fr\/wp-json\/wp\/v2\/types\/post"}],"author":[{"embeddable":true,"href":"https:\/\/www.albinfo.at\/fr\/wp-json\/wp\/v2\/users\/6"}],"replies":[{"embeddable":true,"href":"https:\/\/www.albinfo.at\/fr\/wp-json\/wp\/v2\/comments?post=859962"}],"version-history":[{"count":1,"href":"https:\/\/www.albinfo.at\/fr\/wp-json\/wp\/v2\/posts\/859962\/revisions"}],"predecessor-version":[{"id":859963,"href":"https:\/\/www.albinfo.at\/fr\/wp-json\/wp\/v2\/posts\/859962\/revisions\/859963"}],"wp:featuredmedia":[{"embeddable":true,"href":"https:\/\/www.albinfo.at\/fr\/wp-json\/wp\/v2\/media\/859844"}],"wp:attachment":[{"href":"https:\/\/www.albinfo.at\/fr\/wp-json\/wp\/v2\/media?parent=859962"}],"wp:term":[{"taxonomy":"category","embeddable":true,"href":"https:\/\/www.albinfo.at\/fr\/wp-json\/wp\/v2\/categories?post=859962"},{"taxonomy":"post_tag","embeddable":true,"href":"https:\/\/www.albinfo.at\/fr\/wp-json\/wp\/v2\/tags?post=859962"},{"taxonomy":"vendi","embeddable":true,"href":"https:\/\/www.albinfo.at\/fr\/wp-json\/wp\/v2\/vendi?post=859962"},{"taxonomy":"content_country","embeddable":true,"href":"https:\/\/www.albinfo.at\/fr\/wp-json\/wp\/v2\/content_country?post=859962"}],"curies":[{"name":"wp","href":"https:\/\/api.w.org\/{rel}","templated":true}]}}