{"id":859942,"date":"2025-09-12T20:50:56","date_gmt":"2025-09-12T18:50:56","guid":{"rendered":"https:\/\/www.albinfo.ch\/?p=859942"},"modified":"2025-09-12T20:52:34","modified_gmt":"2025-09-12T18:52:34","slug":"swatch-ironise-donald-trump-avec-la-montre-39","status":"publish","type":"post","link":"https:\/\/www.albinfo.at\/fr\/swatch-ironise-donald-trump-avec-la-montre-39\/","title":{"rendered":"Swatch ironise Donald Trump avec la montre &#8220;39%&#8221;"},"content":{"rendered":"<p data-start=\"0\" data-end=\"343\">Swatch r\u00e9pond aux tarifs am\u00e9ricains avec une montre ironique \u201c39%\u201d. La soci\u00e9t\u00e9 horlog\u00e8re suisse Swatch a trouv\u00e9 une mani\u00e8re originale de r\u00e9pondre aux droits de douane \u00e9lev\u00e9s impos\u00e9s par l\u2019administration du pr\u00e9sident Donald Trump sur les produits suisses. Elle a lanc\u00e9 une montre en \u00e9dition limit\u00e9e baptis\u00e9e \u201c39%\u201d, \u00e9crit albinfo.ch.<\/p>\n<p data-start=\"345\" data-end=\"728\">Le design de cette montre est rempli de d\u00e9tails symboliques: les chiffres 3 et 9 apparaissent invers\u00e9s sur le cadran afin de mettre en \u00e9vidence le nombre 39, tandis que l\u2019arri\u00e8re de la montre, sur le couvercle de la pile, porte une petite gravure \u201c%\u201d. Le prix, fix\u00e9 \u00e0 139 francs suisses, n\u2019est pas choisi au hasard : il s\u2019inscrit lui aussi dans la symbolique des tarifs contest\u00e9s.<\/p>\n<p data-start=\"730\" data-end=\"1035\">Selon un porte-parole du groupe Swatch, l\u2019objectif est d\u2019adresser un message critique mais avec humour et espoir :<br data-start=\"844\" data-end=\"847\" \/>&#8221; Nous esp\u00e9rons que cette mesure [les tarifs] sera de courte dur\u00e9e. Nous arr\u00eaterons la vente de cette montre d\u00e8s que les \u00c9tats-Unis modifieront leurs droits de douane contre la Suisse. &#8220;<\/p>\n<p data-start=\"1037\" data-end=\"1224\">La montre \u201c39%\u201d est disponible uniquement dans 11 boutiques en Suisse ainsi qu\u2019en ligne, faisant d\u2019elle \u00e0 la fois une d\u00e9claration politique et un objet convoit\u00e9 par les collectionneurs.<\/p>\n","protected":false},"excerpt":{"rendered":"<p>Une r\u00e9action cr\u00e9ative aux tarifs des \u00c9tats-Unis<\/p>\n","protected":false},"author":6,"featured_media":859738,"comment_status":"closed","ping_status":"closed","sticky":false,"template":"","format":"standard","meta":{"footnotes":""},"categories":[18826,24630,1170],"tags":[],"vendi":[],"content_country":[31835,31838,31840],"class_list":["post-859942","post","type-post","status-publish","format-standard","has-post-thumbnail","hentry","category-lajme-jeta-ne-zvicer-fr","category-nouvelles","category-vivre-en-suisse","content_country-austria-fr","content_country-germany-fr","content_country-zvicer-fr"],"acf":[],"_links":{"self":[{"href":"https:\/\/www.albinfo.at\/fr\/wp-json\/wp\/v2\/posts\/859942","targetHints":{"allow":["GET"]}}],"collection":[{"href":"https:\/\/www.albinfo.at\/fr\/wp-json\/wp\/v2\/posts"}],"about":[{"href":"https:\/\/www.albinfo.at\/fr\/wp-json\/wp\/v2\/types\/post"}],"author":[{"embeddable":true,"href":"https:\/\/www.albinfo.at\/fr\/wp-json\/wp\/v2\/users\/6"}],"replies":[{"embeddable":true,"href":"https:\/\/www.albinfo.at\/fr\/wp-json\/wp\/v2\/comments?post=859942"}],"version-history":[{"count":1,"href":"https:\/\/www.albinfo.at\/fr\/wp-json\/wp\/v2\/posts\/859942\/revisions"}],"predecessor-version":[{"id":859944,"href":"https:\/\/www.albinfo.at\/fr\/wp-json\/wp\/v2\/posts\/859942\/revisions\/859944"}],"wp:featuredmedia":[{"embeddable":true,"href":"https:\/\/www.albinfo.at\/fr\/wp-json\/wp\/v2\/media\/859738"}],"wp:attachment":[{"href":"https:\/\/www.albinfo.at\/fr\/wp-json\/wp\/v2\/media?parent=859942"}],"wp:term":[{"taxonomy":"category","embeddable":true,"href":"https:\/\/www.albinfo.at\/fr\/wp-json\/wp\/v2\/categories?post=859942"},{"taxonomy":"post_tag","embeddable":true,"href":"https:\/\/www.albinfo.at\/fr\/wp-json\/wp\/v2\/tags?post=859942"},{"taxonomy":"vendi","embeddable":true,"href":"https:\/\/www.albinfo.at\/fr\/wp-json\/wp\/v2\/vendi?post=859942"},{"taxonomy":"content_country","embeddable":true,"href":"https:\/\/www.albinfo.at\/fr\/wp-json\/wp\/v2\/content_country?post=859942"}],"curies":[{"name":"wp","href":"https:\/\/api.w.org\/{rel}","templated":true}]}}