{"id":859821,"date":"2025-09-12T17:18:03","date_gmt":"2025-09-12T15:18:03","guid":{"rendered":"https:\/\/www.albinfo.ch\/?p=859821"},"modified":"2025-09-12T17:21:03","modified_gmt":"2025-09-12T15:21:03","slug":"le-documentaire-udha-dalessandro-ferrantelli-est-presente-a-rome-avec-lorik-cana-et-arber-agalliu","status":"publish","type":"post","link":"https:\/\/www.albinfo.at\/fr\/le-documentaire-udha-dalessandro-ferrantelli-est-presente-a-rome-avec-lorik-cana-et-arber-agalliu\/","title":{"rendered":"Le documentaire &#8220;UDHA&#8221; d&#8217;Alessandro Ferrantelli est pr\u00e9sent\u00e9 \u00e0 Rome avec Lorik Cana et Arb\u00ebr Agalliu."},"content":{"rendered":"<p>Le 18 septembre 2025, \u00e0 20h30, \u00e0 la Casa del Cinema, Villa Borghese, \u00e0 Rome, sera pr\u00e9sent\u00e9 le documentaire \u201cUDHA\u201d, r\u00e9alis\u00e9 par Alessandro Ferrantelli. Ce documentaire, qui porte le message \u201cUn seul sang, une seule langue, une seule parole donn\u00e9e\u201d, se pr\u00e9sente comme un voyage culturel et identitaire pour les Albanais.<\/p>\n<figure id=\"attachment_859648\" aria-describedby=\"caption-attachment-859648\" style=\"width: 640px\" class=\"wp-caption alignnone\"><a href=\"https:\/\/www.albinfo.ch\/wp-content\/uploads\/2025\/09\/lorik-cana-dhe-ambasadorja-.jpg\"><img loading=\"lazy\" decoding=\"async\" class=\"wp-image-859648 size-large\" src=\"https:\/\/www.albinfo.ch\/wp-content\/uploads\/2025\/09\/lorik-cana-dhe-ambasadorja--768x1024.jpg\" alt=\"Lorik Cana dhe Dr. Nita Shala, ambasadore e Republik\u00ebs s\u00eb Kosov\u00ebs n\u00eb Itali\" width=\"640\" height=\"853\" srcset=\"https:\/\/www.albinfo.at\/wp-content\/uploads\/2025\/09\/lorik-cana-dhe-ambasadorja--768x1024.jpg 768w, https:\/\/www.albinfo.at\/wp-content\/uploads\/2025\/09\/lorik-cana-dhe-ambasadorja--225x300.jpg 225w, https:\/\/www.albinfo.at\/wp-content\/uploads\/2025\/09\/lorik-cana-dhe-ambasadorja--1152x1536.jpg 1152w, https:\/\/www.albinfo.at\/wp-content\/uploads\/2025\/09\/lorik-cana-dhe-ambasadorja--297x396.jpg 297w, https:\/\/www.albinfo.at\/wp-content\/uploads\/2025\/09\/lorik-cana-dhe-ambasadorja--75x100.jpg 75w, https:\/\/www.albinfo.at\/wp-content\/uploads\/2025\/09\/lorik-cana-dhe-ambasadorja--131x175.jpg 131w, https:\/\/www.albinfo.at\/wp-content\/uploads\/2025\/09\/lorik-cana-dhe-ambasadorja-.jpg 1536w\" sizes=\"auto, (max-width: 640px) 100vw, 640px\" \/><\/a><figcaption id=\"caption-attachment-859648\" class=\"wp-caption-text\">Lorik Cana et Dr. Nita Shala, ambassadrice de la R\u00e9publique du Kosovo en Italie<\/figcaption><\/figure>\n<p>L\u2019\u00e9v\u00e9nement est organis\u00e9 par Illyrian Brains Roma en collaboration avec l\u2019Ambassade de la R\u00e9publique du Kosovo \u00e0 Rome.<br data-start=\"203\" data-end=\"206\" \/>Seront pr\u00e9sents les protagonistes du documentaire: Lorik Cana, ancien capitaine de l\u2019\u00e9quipe nationale albanaise, Arb\u00ebr Agalliu, professeur et chercheur, ainsi qu\u2019Alessandro Ferrantelli, r\u00e9alisateur du film.<br data-start=\"413\" data-end=\"416\" \/>Cette activit\u00e9 r\u00e9unira la diaspora albanaise et les amis de la culture albanaise dans la capitale italienne, mettant en avant l\u2019h\u00e9ritage, l\u2019histoire et le parcours des Albanais.<br data-start=\"593\" data-end=\"596\" \/>Pour plus d\u2019informations et r\u00e9servations: illyrianbrainsroma@gmail.com<\/p>\n<p><a href=\"https:\/\/www.albinfo.ch\/wp-content\/uploads\/2025\/09\/udha.jpg\"><img loading=\"lazy\" decoding=\"async\" class=\"alignnone size-large wp-image-859652\" src=\"https:\/\/www.albinfo.ch\/wp-content\/uploads\/2025\/09\/udha-819x1024.jpg\" alt=\"\" width=\"640\" height=\"800\" srcset=\"https:\/\/www.albinfo.at\/wp-content\/uploads\/2025\/09\/udha-819x1024.jpg 819w, https:\/\/www.albinfo.at\/wp-content\/uploads\/2025\/09\/udha-240x300.jpg 240w, https:\/\/www.albinfo.at\/wp-content\/uploads\/2025\/09\/udha-768x960.jpg 768w, https:\/\/www.albinfo.at\/wp-content\/uploads\/2025\/09\/udha-317x396.jpg 317w, https:\/\/www.albinfo.at\/wp-content\/uploads\/2025\/09\/udha-80x100.jpg 80w, https:\/\/www.albinfo.at\/wp-content\/uploads\/2025\/09\/udha-140x175.jpg 140w, https:\/\/www.albinfo.at\/wp-content\/uploads\/2025\/09\/udha.jpg 1080w\" sizes=\"auto, (max-width: 640px) 100vw, 640px\" \/><\/a><\/p>\n","protected":false},"excerpt":{"rendered":"<p>Le 18 septembre 2025, \u00e0 20h30, \u00e0 la Casa del Cinema, Villa Borghese, \u00e0 Rome, sera pr\u00e9sent\u00e9 le documentaire \u201cUDHA\u201d, r\u00e9alis\u00e9 par Alessandro Ferrantelli. Ce documentaire, qui porte le message \u201cUn seul sang, une seule langue, une seule parole donn\u00e9e\u201d, se pr\u00e9sente comme un voyage culturel et identitaire pour les Albanais. L\u2019\u00e9v\u00e9nement est organis\u00e9 par [&hellip;]<\/p>\n","protected":false},"author":6,"featured_media":859645,"comment_status":"closed","ping_status":"closed","sticky":false,"template":"","format":"standard","meta":{"footnotes":""},"categories":[34498,1164,1163,1182],"tags":[],"vendi":[],"content_country":[31835,31838,31840],"class_list":["post-859821","post","type-post","status-publish","format-standard","has-post-thumbnail","hentry","category-evente-fr","category-integration-fr","category-fr-e-diaspora","category-agenda","content_country-austria-fr","content_country-germany-fr","content_country-zvicer-fr"],"acf":[],"_links":{"self":[{"href":"https:\/\/www.albinfo.at\/fr\/wp-json\/wp\/v2\/posts\/859821","targetHints":{"allow":["GET"]}}],"collection":[{"href":"https:\/\/www.albinfo.at\/fr\/wp-json\/wp\/v2\/posts"}],"about":[{"href":"https:\/\/www.albinfo.at\/fr\/wp-json\/wp\/v2\/types\/post"}],"author":[{"embeddable":true,"href":"https:\/\/www.albinfo.at\/fr\/wp-json\/wp\/v2\/users\/6"}],"replies":[{"embeddable":true,"href":"https:\/\/www.albinfo.at\/fr\/wp-json\/wp\/v2\/comments?post=859821"}],"version-history":[{"count":2,"href":"https:\/\/www.albinfo.at\/fr\/wp-json\/wp\/v2\/posts\/859821\/revisions"}],"predecessor-version":[{"id":859879,"href":"https:\/\/www.albinfo.at\/fr\/wp-json\/wp\/v2\/posts\/859821\/revisions\/859879"}],"wp:featuredmedia":[{"embeddable":true,"href":"https:\/\/www.albinfo.at\/fr\/wp-json\/wp\/v2\/media\/859645"}],"wp:attachment":[{"href":"https:\/\/www.albinfo.at\/fr\/wp-json\/wp\/v2\/media?parent=859821"}],"wp:term":[{"taxonomy":"category","embeddable":true,"href":"https:\/\/www.albinfo.at\/fr\/wp-json\/wp\/v2\/categories?post=859821"},{"taxonomy":"post_tag","embeddable":true,"href":"https:\/\/www.albinfo.at\/fr\/wp-json\/wp\/v2\/tags?post=859821"},{"taxonomy":"vendi","embeddable":true,"href":"https:\/\/www.albinfo.at\/fr\/wp-json\/wp\/v2\/vendi?post=859821"},{"taxonomy":"content_country","embeddable":true,"href":"https:\/\/www.albinfo.at\/fr\/wp-json\/wp\/v2\/content_country?post=859821"}],"curies":[{"name":"wp","href":"https:\/\/api.w.org\/{rel}","templated":true}]}}