{"id":859670,"date":"2025-09-11T23:36:48","date_gmt":"2025-09-11T21:36:48","guid":{"rendered":"https:\/\/www.albinfo.ch\/?p=859670"},"modified":"2025-09-11T23:37:43","modified_gmt":"2025-09-11T21:37:43","slug":"kino-kosova-une-fete-pour-le-cinema-et-lintegration-avec-des-valeurs","status":"publish","type":"post","link":"https:\/\/www.albinfo.at\/fr\/kino-kosova-une-fete-pour-le-cinema-et-lintegration-avec-des-valeurs\/","title":{"rendered":"&#8220;Kino Kosova&#8221;, une f\u00eate pour le cin\u00e9ma et l&#8217;int\u00e9gration avec des valeurs"},"content":{"rendered":"<p data-start=\"109\" data-end=\"398\">Hier soir, le 10 septembre, la sixi\u00e8me \u00e9dition du festival de cin\u00e9ma <em data-start=\"178\" data-end=\"191\">Kino Kosova<\/em> s\u2019est ouverte \u00e0 Berne. Dans une salle comble, en pr\u00e9sence d\u2019amateurs d\u2019art suisses, albanais et d\u2019autres nationalit\u00e9s, la soir\u00e9e a \u00e9t\u00e9 marqu\u00e9e \u00e0 la fois par une atmosph\u00e8re festive et un esprit de travail.<\/p>\n<p data-start=\"400\" data-end=\"557\">L\u2019ouverture a \u00e9t\u00e9 pr\u00e9c\u00e9d\u00e9e d\u2019un riche ap\u00e9ritif qui a permis aux invit\u00e9s d\u2019\u00e9changer dans une ambiance conviviale et de s\u2019immerger dans l\u2019esprit du festival.<\/p>\n<p><a href=\"https:\/\/www.albinfo.ch\/wp-content\/uploads\/2025\/09\/kskova-publiku.jpg\"><img loading=\"lazy\" decoding=\"async\" class=\"alignnone wp-image-859588\" src=\"https:\/\/www.albinfo.ch\/wp-content\/uploads\/2025\/09\/kskova-publiku.jpg\" alt=\"\" width=\"600\" height=\"400\" srcset=\"https:\/\/www.albinfo.at\/wp-content\/uploads\/2025\/09\/kskova-publiku.jpg 2048w, https:\/\/www.albinfo.at\/wp-content\/uploads\/2025\/09\/kskova-publiku-300x200.jpg 300w, https:\/\/www.albinfo.at\/wp-content\/uploads\/2025\/09\/kskova-publiku-1024x683.jpg 1024w, https:\/\/www.albinfo.at\/wp-content\/uploads\/2025\/09\/kskova-publiku-768x512.jpg 768w, https:\/\/www.albinfo.at\/wp-content\/uploads\/2025\/09\/kskova-publiku-1536x1024.jpg 1536w, https:\/\/www.albinfo.at\/wp-content\/uploads\/2025\/09\/kskova-publiku-210x141.jpg 210w, https:\/\/www.albinfo.at\/wp-content\/uploads\/2025\/09\/kskova-publiku-587x391.jpg 587w, https:\/\/www.albinfo.at\/wp-content\/uploads\/2025\/09\/kskova-publiku-150x100.jpg 150w, https:\/\/www.albinfo.at\/wp-content\/uploads\/2025\/09\/kskova-publiku-263x175.jpg 263w\" sizes=\"auto, (max-width: 600px) 100vw, 600px\" \/><\/a><\/p>\n<p data-start=\"95\" data-end=\"214\">Au nom de l\u2019\u00e9quipe du festival, Aleksandra Hiltmann et Sabahet Meta ont pr\u00e9sent\u00e9 les particularit\u00e9s de cette \u00e9dition.<\/p>\n<p data-start=\"216\" data-end=\"523\">Le programme de <em data-start=\"232\" data-end=\"245\">Kino Kosova<\/em> se poursuit encore pendant quatre jours, jusqu\u2019au dimanche 14 septembre, avec un contenu riche qui inclut non seulement des projections de films, mais aussi des tables rondes, des concerts et une exposition d\u2019arts visuels. Albinfo.ch est le partenaire m\u00e9diatique du festival.<\/p>\n<p><a href=\"https:\/\/www.albinfo.ch\/wp-content\/uploads\/2025\/09\/kskoosva.jpg\"><img loading=\"lazy\" decoding=\"async\" class=\"alignnone wp-image-859567\" src=\"https:\/\/www.albinfo.ch\/wp-content\/uploads\/2025\/09\/kskoosva.jpg\" alt=\"\" width=\"600\" height=\"400\" srcset=\"https:\/\/www.albinfo.at\/wp-content\/uploads\/2025\/09\/kskoosva.jpg 2048w, https:\/\/www.albinfo.at\/wp-content\/uploads\/2025\/09\/kskoosva-300x200.jpg 300w, https:\/\/www.albinfo.at\/wp-content\/uploads\/2025\/09\/kskoosva-1024x684.jpg 1024w, https:\/\/www.albinfo.at\/wp-content\/uploads\/2025\/09\/kskoosva-768x513.jpg 768w, https:\/\/www.albinfo.at\/wp-content\/uploads\/2025\/09\/kskoosva-1536x1025.jpg 1536w, https:\/\/www.albinfo.at\/wp-content\/uploads\/2025\/09\/kskoosva-210x141.jpg 210w, https:\/\/www.albinfo.at\/wp-content\/uploads\/2025\/09\/kskoosva-587x392.jpg 587w, https:\/\/www.albinfo.at\/wp-content\/uploads\/2025\/09\/kskoosva-150x100.jpg 150w, https:\/\/www.albinfo.at\/wp-content\/uploads\/2025\/09\/kskoosva-262x175.jpg 262w\" sizes=\"auto, (max-width: 600px) 100vw, 600px\" \/><\/a><\/p>\n<p>En ouvrant le programme, Mme Hiltmann a parl\u00e9 du parcours suivi jusqu\u2019\u00e0 pr\u00e9sent par le festival <em data-start=\"184\" data-end=\"197\">Kino Kosova<\/em>, un parcours marqu\u00e9 par une croissance continue tant sur le plan de la qualit\u00e9 que du nombre de films pr\u00e9sent\u00e9s. Elle a soulign\u00e9 le caract\u00e8re du festival comme une plateforme ouverte \u00e0 toutes et \u00e0 tous, sans distinction d\u2019ethnie, de langue, d\u2019orientation ou d\u2019appartenance.<\/p>\n<p><a href=\"https:\/\/www.albinfo.ch\/wp-content\/uploads\/2025\/09\/kino-kosova-hiltmann.jpg\"><img loading=\"lazy\" decoding=\"async\" class=\"alignnone wp-image-859570\" src=\"https:\/\/www.albinfo.ch\/wp-content\/uploads\/2025\/09\/kino-kosova-hiltmann.jpg\" alt=\"\" width=\"600\" height=\"400\" srcset=\"https:\/\/www.albinfo.at\/wp-content\/uploads\/2025\/09\/kino-kosova-hiltmann.jpg 2048w, https:\/\/www.albinfo.at\/wp-content\/uploads\/2025\/09\/kino-kosova-hiltmann-300x200.jpg 300w, https:\/\/www.albinfo.at\/wp-content\/uploads\/2025\/09\/kino-kosova-hiltmann-1024x684.jpg 1024w, https:\/\/www.albinfo.at\/wp-content\/uploads\/2025\/09\/kino-kosova-hiltmann-768x513.jpg 768w, https:\/\/www.albinfo.at\/wp-content\/uploads\/2025\/09\/kino-kosova-hiltmann-1536x1025.jpg 1536w, https:\/\/www.albinfo.at\/wp-content\/uploads\/2025\/09\/kino-kosova-hiltmann-210x141.jpg 210w, https:\/\/www.albinfo.at\/wp-content\/uploads\/2025\/09\/kino-kosova-hiltmann-587x392.jpg 587w, https:\/\/www.albinfo.at\/wp-content\/uploads\/2025\/09\/kino-kosova-hiltmann-150x100.jpg 150w, https:\/\/www.albinfo.at\/wp-content\/uploads\/2025\/09\/kino-kosova-hiltmann-262x175.jpg 262w\" sizes=\"auto, (max-width: 600px) 100vw, 600px\" \/><\/a><\/p>\n<p data-start=\"90\" data-end=\"249\">Ainsi, <em data-start=\"97\" data-end=\"110\">Kino Kosova<\/em> a r\u00e9ussi \u00e0 obtenir un soutien, non seulement financier, de la part de diverses institutions et acteurs en Suisse, au Kosovo et ailleurs.<\/p>\n<p data-start=\"251\" data-end=\"682\">&#8221; Cette ann\u00e9e, nous avons choisi d\u2019inviter le Portugal comme pays h\u00f4te du festival. Et ce choix n\u2019est pas fortuit &#8220;, a d\u00e9clar\u00e9 Mme Hiltmann. &#8221; Les communaut\u00e9s du Kosovo et du Portugal ont une taille, un r\u00f4le et un poids comparables en ce qui concerne leur influence dans la soci\u00e9t\u00e9 suisse. Il est bien connu que, selon les derni\u00e8res statistiques, les communaut\u00e9s portugaise et albanaise sont presque \u00e9gales en nombre en Suisse.&#8221;<\/p>\n<p><a href=\"https:\/\/www.albinfo.ch\/wp-content\/uploads\/2025\/09\/kino-kosova-apero.jpg\"><img loading=\"lazy\" decoding=\"async\" class=\"alignnone wp-image-859552\" src=\"https:\/\/www.albinfo.ch\/wp-content\/uploads\/2025\/09\/kino-kosova-apero.jpg\" alt=\"\" width=\"600\" height=\"400\" srcset=\"https:\/\/www.albinfo.at\/wp-content\/uploads\/2025\/09\/kino-kosova-apero.jpg 2048w, https:\/\/www.albinfo.at\/wp-content\/uploads\/2025\/09\/kino-kosova-apero-300x200.jpg 300w, https:\/\/www.albinfo.at\/wp-content\/uploads\/2025\/09\/kino-kosova-apero-1024x684.jpg 1024w, https:\/\/www.albinfo.at\/wp-content\/uploads\/2025\/09\/kino-kosova-apero-768x513.jpg 768w, https:\/\/www.albinfo.at\/wp-content\/uploads\/2025\/09\/kino-kosova-apero-1536x1025.jpg 1536w, https:\/\/www.albinfo.at\/wp-content\/uploads\/2025\/09\/kino-kosova-apero-210x141.jpg 210w, https:\/\/www.albinfo.at\/wp-content\/uploads\/2025\/09\/kino-kosova-apero-587x392.jpg 587w, https:\/\/www.albinfo.at\/wp-content\/uploads\/2025\/09\/kino-kosova-apero-150x100.jpg 150w, https:\/\/www.albinfo.at\/wp-content\/uploads\/2025\/09\/kino-kosova-apero-262x175.jpg 262w\" sizes=\"auto, (max-width: 600px) 100vw, 600px\" \/><\/a><\/p>\n<p>La parole a ensuite \u00e9t\u00e9 donn\u00e9e \u00e0 Sabahet Meta, directeur artistique et fondateur du festival <em data-start=\"186\" data-end=\"199\">Kino Kosova<\/em>. Il a confirm\u00e9 les propos de son pr\u00e9d\u00e9cesseur et a ajout\u00e9 que le festival devient d\u00e9sormais un indicateur s\u00e9rieux non seulement du niveau du cin\u00e9ma au Kosovo, mais aussi de l\u2019int\u00e9gration, avec ses valeurs, de la communaut\u00e9 kosovare en Suisse.<\/p>\n<p><a href=\"https:\/\/www.albinfo.ch\/wp-content\/uploads\/2025\/09\/kinokosova-sabahet.jpg\"><img loading=\"lazy\" decoding=\"async\" class=\"alignnone wp-image-859573\" src=\"https:\/\/www.albinfo.ch\/wp-content\/uploads\/2025\/09\/kinokosova-sabahet.jpg\" alt=\"\" width=\"600\" height=\"400\" srcset=\"https:\/\/www.albinfo.at\/wp-content\/uploads\/2025\/09\/kinokosova-sabahet.jpg 2048w, https:\/\/www.albinfo.at\/wp-content\/uploads\/2025\/09\/kinokosova-sabahet-300x200.jpg 300w, https:\/\/www.albinfo.at\/wp-content\/uploads\/2025\/09\/kinokosova-sabahet-1024x683.jpg 1024w, https:\/\/www.albinfo.at\/wp-content\/uploads\/2025\/09\/kinokosova-sabahet-768x512.jpg 768w, https:\/\/www.albinfo.at\/wp-content\/uploads\/2025\/09\/kinokosova-sabahet-1536x1024.jpg 1536w, https:\/\/www.albinfo.at\/wp-content\/uploads\/2025\/09\/kinokosova-sabahet-210x141.jpg 210w, https:\/\/www.albinfo.at\/wp-content\/uploads\/2025\/09\/kinokosova-sabahet-587x391.jpg 587w, https:\/\/www.albinfo.at\/wp-content\/uploads\/2025\/09\/kinokosova-sabahet-150x100.jpg 150w, https:\/\/www.albinfo.at\/wp-content\/uploads\/2025\/09\/kinokosova-sabahet-263x175.jpg 263w\" sizes=\"auto, (max-width: 600px) 100vw, 600px\" \/><\/a><\/p>\n<p data-start=\"66\" data-end=\"400\">Meta a mentionn\u00e9 comme nouveaut\u00e9 la pr\u00e9sentation de l\u2019artiste kosovar Yll Xhaferi, qui se trouve actuellement \u00e0 Berne en tant qu\u2019 artiste en r\u00e9sidence . Il a \u00e9galement salu\u00e9 la contribution de <em data-start=\"261\" data-end=\"271\">Dokufest<\/em>, le festival d\u00e9j\u00e0 renomm\u00e9 du film de Prizren, qui a servi d\u2019inspiration pour la cr\u00e9ation et la tenue de <em data-start=\"376\" data-end=\"389\">Kino Kosova<\/em> \u00e0 Berne.<\/p>\n<p data-start=\"402\" data-end=\"539\">La repr\u00e9sentante du Portugal a dress\u00e9 un portrait du cin\u00e9ma de son pays, en \u00e9voquant son d\u00e9veloppement et ses principales orientations.<\/p>\n<p data-start=\"541\" data-end=\"1162\">La suite de la soir\u00e9e a \u00e9t\u00e9 consacr\u00e9e \u00e0 la projection de quatre courts-m\u00e9trages de fiction: deux du Kosovo, un du Portugal et un de la Suisse. Le film <em data-start=\"693\" data-end=\"701\">Rrug\u00ebs<\/em> de Samir Karahoda et <em data-start=\"723\" data-end=\"744\">Comme malade, jaune<\/em> de Norika Sefa exploraient la r\u00e9alit\u00e9 kosovare \u00e0 deux \u00e9poques diff\u00e9rentes et sous des angles distincts. Tandis que le film de Norika Sefa, avec un regard esth\u00e9tis\u00e9, traite des s\u00e9quelles de la guerre \u00e0 travers un enregistrement familial, le film <em data-start=\"990\" data-end=\"998\">Rrug\u00ebs<\/em> de Karahoda, avec un ton r\u00e9aliste et une fable claire, aborde la morosit\u00e9 et le manque de perspective pour de nombreuses personnes dans le Kosovo d\u2019apr\u00e8s-guerre.<\/p>\n<p><a href=\"https:\/\/www.albinfo.ch\/wp-content\/uploads\/2025\/09\/kkosva-hapja.jpg\"><img loading=\"lazy\" decoding=\"async\" class=\"alignnone wp-image-859579\" src=\"https:\/\/www.albinfo.ch\/wp-content\/uploads\/2025\/09\/kkosva-hapja.jpg\" alt=\"\" width=\"600\" height=\"400\" srcset=\"https:\/\/www.albinfo.at\/wp-content\/uploads\/2025\/09\/kkosva-hapja.jpg 2048w, https:\/\/www.albinfo.at\/wp-content\/uploads\/2025\/09\/kkosva-hapja-300x200.jpg 300w, https:\/\/www.albinfo.at\/wp-content\/uploads\/2025\/09\/kkosva-hapja-1024x684.jpg 1024w, https:\/\/www.albinfo.at\/wp-content\/uploads\/2025\/09\/kkosva-hapja-768x513.jpg 768w, https:\/\/www.albinfo.at\/wp-content\/uploads\/2025\/09\/kkosva-hapja-1536x1025.jpg 1536w, https:\/\/www.albinfo.at\/wp-content\/uploads\/2025\/09\/kkosva-hapja-210x141.jpg 210w, https:\/\/www.albinfo.at\/wp-content\/uploads\/2025\/09\/kkosva-hapja-587x392.jpg 587w, https:\/\/www.albinfo.at\/wp-content\/uploads\/2025\/09\/kkosva-hapja-150x100.jpg 150w, https:\/\/www.albinfo.at\/wp-content\/uploads\/2025\/09\/kkosva-hapja-262x175.jpg 262w\" sizes=\"auto, (max-width: 600px) 100vw, 600px\" \/><\/a><\/p>\n<p data-start=\"85\" data-end=\"452\">Le film suisse <em data-start=\"100\" data-end=\"106\">1:10<\/em> du r\u00e9alisateur d\u2019origine turque Sinan Tarik met en lumi\u00e8re, avec un ton absurde et comique, l\u2019explosion de la violence dans une soci\u00e9t\u00e9 multiculturelle comme celle de la Suisse. Quant au film <em data-start=\"299\" data-end=\"318\">The Moving Garden<\/em> de la r\u00e9alisatrice portugaise Ines Lima, il constitue une d\u00e9dicace po\u00e9tique aux r\u00eaves d\u2019amour dans des circonstances inhabituelles.<\/p>\n<p data-start=\"454\" data-end=\"657\">\u00c0 la soir\u00e9e d\u2019ouverture du festival \u00e9taient pr\u00e9sents l\u2019ambassadeur de la R\u00e9publique du Kosovo en Suisse, Mentor Latifi, accompagn\u00e9 de son \u00e9quipe diplomatique, ainsi que le vice-ambassadeur du Portugal.<\/p>\n<p><a href=\"https:\/\/www.albinfo.ch\/wp-content\/uploads\/2025\/09\/kksova-aa.jpg\"><img loading=\"lazy\" decoding=\"async\" class=\"alignnone wp-image-859582\" src=\"https:\/\/www.albinfo.ch\/wp-content\/uploads\/2025\/09\/kksova-aa.jpg\" alt=\"\" width=\"600\" height=\"400\" srcset=\"https:\/\/www.albinfo.at\/wp-content\/uploads\/2025\/09\/kksova-aa.jpg 2048w, https:\/\/www.albinfo.at\/wp-content\/uploads\/2025\/09\/kksova-aa-300x200.jpg 300w, https:\/\/www.albinfo.at\/wp-content\/uploads\/2025\/09\/kksova-aa-1024x683.jpg 1024w, https:\/\/www.albinfo.at\/wp-content\/uploads\/2025\/09\/kksova-aa-768x512.jpg 768w, https:\/\/www.albinfo.at\/wp-content\/uploads\/2025\/09\/kksova-aa-1536x1024.jpg 1536w, https:\/\/www.albinfo.at\/wp-content\/uploads\/2025\/09\/kksova-aa-210x141.jpg 210w, https:\/\/www.albinfo.at\/wp-content\/uploads\/2025\/09\/kksova-aa-587x391.jpg 587w, https:\/\/www.albinfo.at\/wp-content\/uploads\/2025\/09\/kksova-aa-150x100.jpg 150w, https:\/\/www.albinfo.at\/wp-content\/uploads\/2025\/09\/kksova-aa-263x175.jpg 263w\" sizes=\"auto, (max-width: 600px) 100vw, 600px\" \/><\/a><\/p>\n<p><a href=\"https:\/\/www.albinfo.ch\/wp-content\/uploads\/2025\/09\/kosova-shukrije.jpg\"><img loading=\"lazy\" decoding=\"async\" class=\"alignnone wp-image-859564\" src=\"https:\/\/www.albinfo.ch\/wp-content\/uploads\/2025\/09\/kosova-shukrije.jpg\" alt=\"\" width=\"600\" height=\"400\" srcset=\"https:\/\/www.albinfo.at\/wp-content\/uploads\/2025\/09\/kosova-shukrije.jpg 2048w, https:\/\/www.albinfo.at\/wp-content\/uploads\/2025\/09\/kosova-shukrije-300x200.jpg 300w, https:\/\/www.albinfo.at\/wp-content\/uploads\/2025\/09\/kosova-shukrije-1024x684.jpg 1024w, https:\/\/www.albinfo.at\/wp-content\/uploads\/2025\/09\/kosova-shukrije-768x513.jpg 768w, https:\/\/www.albinfo.at\/wp-content\/uploads\/2025\/09\/kosova-shukrije-1536x1025.jpg 1536w, https:\/\/www.albinfo.at\/wp-content\/uploads\/2025\/09\/kosova-shukrije-210x141.jpg 210w, https:\/\/www.albinfo.at\/wp-content\/uploads\/2025\/09\/kosova-shukrije-587x392.jpg 587w, https:\/\/www.albinfo.at\/wp-content\/uploads\/2025\/09\/kosova-shukrije-150x100.jpg 150w, https:\/\/www.albinfo.at\/wp-content\/uploads\/2025\/09\/kosova-shukrije-262x175.jpg 262w\" sizes=\"auto, (max-width: 600px) 100vw, 600px\" \/><\/a><\/p>\n<p><a href=\"https:\/\/www.albinfo.ch\/wp-content\/uploads\/2025\/09\/kino-apero.jpg\"><img loading=\"lazy\" decoding=\"async\" class=\"alignnone wp-image-859591\" src=\"https:\/\/www.albinfo.ch\/wp-content\/uploads\/2025\/09\/kino-apero.jpg\" alt=\"\" width=\"600\" height=\"400\" srcset=\"https:\/\/www.albinfo.at\/wp-content\/uploads\/2025\/09\/kino-apero.jpg 2048w, https:\/\/www.albinfo.at\/wp-content\/uploads\/2025\/09\/kino-apero-300x200.jpg 300w, https:\/\/www.albinfo.at\/wp-content\/uploads\/2025\/09\/kino-apero-1024x683.jpg 1024w, https:\/\/www.albinfo.at\/wp-content\/uploads\/2025\/09\/kino-apero-768x512.jpg 768w, https:\/\/www.albinfo.at\/wp-content\/uploads\/2025\/09\/kino-apero-1536x1025.jpg 1536w, https:\/\/www.albinfo.at\/wp-content\/uploads\/2025\/09\/kino-apero-210x141.jpg 210w, https:\/\/www.albinfo.at\/wp-content\/uploads\/2025\/09\/kino-apero-587x392.jpg 587w, https:\/\/www.albinfo.at\/wp-content\/uploads\/2025\/09\/kino-apero-150x100.jpg 150w, https:\/\/www.albinfo.at\/wp-content\/uploads\/2025\/09\/kino-apero-262x175.jpg 262w\" sizes=\"auto, (max-width: 600px) 100vw, 600px\" \/><\/a><\/p>\n<p data-start=\"68\" data-end=\"294\">Dans les jours \u00e0 venir, le festival proposera la projection de films issus des cin\u00e9matographies participantes, ainsi que des d\u00e9bats et des programmes d\u2019accompagnement. Albinfo.ch vous tiendra inform\u00e9s de tous ces \u00e9v\u00e9nements.<\/p>\n<p data-start=\"296\" data-end=\"330\">Auteur des photos: Rromir Imami<\/p>\n","protected":false},"excerpt":{"rendered":"<p>Le directeur artistique, Sabahet Meta : Le festival devient un indicateur s\u00e9rieux non seulement du niveau du film au Kosovo mais aussi de l&#8217;int\u00e9gration avec des valeurs, de la communaut\u00e9 kosovare en Suisse.<\/p>\n","protected":false},"author":6,"featured_media":859577,"comment_status":"closed","ping_status":"closed","sticky":false,"template":"","format":"standard","meta":{"footnotes":""},"categories":[34498,24637,24660,1164,24666,24668,3949,24630,1159,1163,1168,1186,1411,2014],"tags":[],"vendi":[31854],"content_country":[31835,31838,31840],"class_list":["post-859670","post","type-post","status-publish","format-standard","has-post-thumbnail","hentry","category-evente-fr","category-nouvelles-fr-4","category-la-musique","category-integration-fr","category-cinema","category-exposition","category-kosova-fr","category-nouvelles","category-ch-balkans","category-fr-e-diaspora","category-culture","category-couverture-de-terrain","category-newsletter-fr","category-newsletter-media-fr","vendi-berne","content_country-austria-fr","content_country-germany-fr","content_country-zvicer-fr"],"acf":[],"_links":{"self":[{"href":"https:\/\/www.albinfo.at\/fr\/wp-json\/wp\/v2\/posts\/859670","targetHints":{"allow":["GET"]}}],"collection":[{"href":"https:\/\/www.albinfo.at\/fr\/wp-json\/wp\/v2\/posts"}],"about":[{"href":"https:\/\/www.albinfo.at\/fr\/wp-json\/wp\/v2\/types\/post"}],"author":[{"embeddable":true,"href":"https:\/\/www.albinfo.at\/fr\/wp-json\/wp\/v2\/users\/6"}],"replies":[{"embeddable":true,"href":"https:\/\/www.albinfo.at\/fr\/wp-json\/wp\/v2\/comments?post=859670"}],"version-history":[{"count":1,"href":"https:\/\/www.albinfo.at\/fr\/wp-json\/wp\/v2\/posts\/859670\/revisions"}],"predecessor-version":[{"id":859671,"href":"https:\/\/www.albinfo.at\/fr\/wp-json\/wp\/v2\/posts\/859670\/revisions\/859671"}],"wp:featuredmedia":[{"embeddable":true,"href":"https:\/\/www.albinfo.at\/fr\/wp-json\/wp\/v2\/media\/859577"}],"wp:attachment":[{"href":"https:\/\/www.albinfo.at\/fr\/wp-json\/wp\/v2\/media?parent=859670"}],"wp:term":[{"taxonomy":"category","embeddable":true,"href":"https:\/\/www.albinfo.at\/fr\/wp-json\/wp\/v2\/categories?post=859670"},{"taxonomy":"post_tag","embeddable":true,"href":"https:\/\/www.albinfo.at\/fr\/wp-json\/wp\/v2\/tags?post=859670"},{"taxonomy":"vendi","embeddable":true,"href":"https:\/\/www.albinfo.at\/fr\/wp-json\/wp\/v2\/vendi?post=859670"},{"taxonomy":"content_country","embeddable":true,"href":"https:\/\/www.albinfo.at\/fr\/wp-json\/wp\/v2\/content_country?post=859670"}],"curies":[{"name":"wp","href":"https:\/\/api.w.org\/{rel}","templated":true}]}}