{"id":859004,"date":"2025-09-09T17:33:16","date_gmt":"2025-09-09T15:33:16","guid":{"rendered":"https:\/\/www.albinfo.ch\/?p=859004"},"modified":"2025-09-09T17:35:36","modified_gmt":"2025-09-09T15:35:36","slug":"etrit-gashi-est-honore-lors-de-la-gala-the-best-of-europe-awards","status":"publish","type":"post","link":"https:\/\/www.albinfo.at\/fr\/etrit-gashi-est-honore-lors-de-la-gala-the-best-of-europe-awards\/","title":{"rendered":"Etrit Gashi est honor\u00e9 lors de la gala &#8220;The Best of Europe Awards&#8221;"},"content":{"rendered":"<p data-start=\"32\" data-end=\"378\">Etrit Gashi, originaire de Lipjan, s\u2019est impos\u00e9 sur la sc\u00e8ne internationale gr\u00e2ce \u00e0 son entreprise &#8221; Foto Vjosa &#8220;. Lors de la soir\u00e9e de gala &#8221; THE BEST OF EUROPE AWARDS &#8221;\u00a0\u00e0 Istanbul, son art et son travail ont \u00e9t\u00e9 hautement valoris\u00e9s en recevant le prestigieux prix &#8221; The Best International Wedding Video Company &#8220;, rapporte albinfo.ch.<\/p>\n<p data-start=\"380\" data-end=\"793\">Cette distinction montre que la cr\u00e9ativit\u00e9 d\u2019Etrit a franchi les fronti\u00e8res de son pays natal et est devenue une r\u00e9f\u00e9rence pour l\u2019industrie cr\u00e9ative en Europe. Le prix n\u2019est pas seulement un succ\u00e8s personnel, mais aussi une reconnaissance pour toute l\u2019\u00e9quipe de &#8221; Foto Vjosa &#8220;, qui depuis des ann\u00e9es immortalise avec professionnalisme et sens artistique les plus beaux moments de nombreuses familles et couples.<\/p>\n<p data-start=\"795\" data-end=\"1084\">Chaque projet d\u2019Etrit Gashi se caract\u00e9rise par une ma\u00eetrise technique et un regard artistique capables de saisir l\u2019\u00e9motion, le sentiment et l\u2019\u00e2me d\u2019un \u00e9v\u00e9nement. Ce prix international est la preuve que le travail acharn\u00e9, la vision claire et la confiance dans le talent m\u00e8nent au sommet.<\/p>\n<p data-start=\"1086\" data-end=\"1296\">Etrit Gashi et &#8221; Foto Vjosa &#8221; sont un exemple inspirant pour les jeunes qui souhaitent poursuivre leurs r\u00eaves, d\u00e9montrant que m\u00eame depuis une petite ville, il est possible d\u2019atteindre un succ\u00e8s international.<\/p>\n","protected":false},"excerpt":{"rendered":"<p>De la Kosova \u00e0 l&#8217;Europe: Etrit Gashi \u00e9tablit de nouvelles normes dans l&#8217;industrie cr\u00e9ative<\/p>\n","protected":false},"author":6,"featured_media":858870,"comment_status":"closed","ping_status":"closed","sticky":false,"template":"","format":"standard","meta":{"footnotes":""},"categories":[23271,24637,3949,23270,24630,1159,1163],"tags":[],"vendi":[],"content_country":[31835,31838,31840],"class_list":["post-859004","post","type-post","status-publish","format-standard","has-post-thumbnail","hentry","category-kosovo","category-nouvelles-fr-4","category-kosova-fr","category-at-balkani-fr","category-nouvelles","category-ch-balkans","category-fr-e-diaspora","content_country-austria-fr","content_country-germany-fr","content_country-zvicer-fr"],"acf":[],"_links":{"self":[{"href":"https:\/\/www.albinfo.at\/fr\/wp-json\/wp\/v2\/posts\/859004","targetHints":{"allow":["GET"]}}],"collection":[{"href":"https:\/\/www.albinfo.at\/fr\/wp-json\/wp\/v2\/posts"}],"about":[{"href":"https:\/\/www.albinfo.at\/fr\/wp-json\/wp\/v2\/types\/post"}],"author":[{"embeddable":true,"href":"https:\/\/www.albinfo.at\/fr\/wp-json\/wp\/v2\/users\/6"}],"replies":[{"embeddable":true,"href":"https:\/\/www.albinfo.at\/fr\/wp-json\/wp\/v2\/comments?post=859004"}],"version-history":[{"count":1,"href":"https:\/\/www.albinfo.at\/fr\/wp-json\/wp\/v2\/posts\/859004\/revisions"}],"predecessor-version":[{"id":859005,"href":"https:\/\/www.albinfo.at\/fr\/wp-json\/wp\/v2\/posts\/859004\/revisions\/859005"}],"wp:featuredmedia":[{"embeddable":true,"href":"https:\/\/www.albinfo.at\/fr\/wp-json\/wp\/v2\/media\/858870"}],"wp:attachment":[{"href":"https:\/\/www.albinfo.at\/fr\/wp-json\/wp\/v2\/media?parent=859004"}],"wp:term":[{"taxonomy":"category","embeddable":true,"href":"https:\/\/www.albinfo.at\/fr\/wp-json\/wp\/v2\/categories?post=859004"},{"taxonomy":"post_tag","embeddable":true,"href":"https:\/\/www.albinfo.at\/fr\/wp-json\/wp\/v2\/tags?post=859004"},{"taxonomy":"vendi","embeddable":true,"href":"https:\/\/www.albinfo.at\/fr\/wp-json\/wp\/v2\/vendi?post=859004"},{"taxonomy":"content_country","embeddable":true,"href":"https:\/\/www.albinfo.at\/fr\/wp-json\/wp\/v2\/content_country?post=859004"}],"curies":[{"name":"wp","href":"https:\/\/api.w.org\/{rel}","templated":true}]}}